{"id":42534,"date":"2015-10-25T10:08:28","date_gmt":"2015-10-25T13:08:28","guid":{"rendered":"http:\/\/blitzconquista.com.br\/?p=42534"},"modified":"2015-10-25T10:08:28","modified_gmt":"2015-10-25T13:08:28","slug":"reforma-no-joia-da-princesa-e-iniciada-e-troca-de-gramado-e-prioridade","status":"publish","type":"post","link":"http:\/\/blitzconquista.com.br\/?p=42534","title":{"rendered":"Reforma no Joia da Princesa \u00e9 iniciada e troca de gramado \u00e9 prioridade"},"content":{"rendered":"<p>Enfim, o p\u00e9ssimo gramado do est\u00e1dio Joia da Princesa, em Feira de Santana, vai ser trocado. Um dos principais equipamentos esportivos do interior baiano, o local j\u00e1 est\u00e1 passando por uma reforma e o campo \u00e9 a prioridade para que esteja pronto em fevereiro para os jogos do Campeonato Baiano.<\/p>\n<p><img decoding=\"async\" loading=\"lazy\" class=\"size-full wp-image-42535 aligncenter\" src=\"http:\/\/blitzconquista.com.br\/wp-content\/uploads\/2015\/10\/reformajoiadaprincesa-400x267.jpg\" alt=\"reformajoiadaprincesa-400x267\" width=\"400\" height=\"267\" srcset=\"http:\/\/blitzconquista.com.br\/wp-content\/uploads\/2015\/10\/reformajoiadaprincesa-400x267.jpg 400w, http:\/\/blitzconquista.com.br\/wp-content\/uploads\/2015\/10\/reformajoiadaprincesa-400x267-300x200.jpg 300w\" sizes=\"(max-width: 400px) 100vw, 400px\" \/><\/p>\n<p>Oper\u00e1rios e equipamentos j\u00e1 trabalham no Joia desde a \u00faltima quarta-feira (21). \u201cJ\u00e1 foi feita a completa remo\u00e7\u00e3o superficial da grama, e haver\u00e1 um estudo do piso para, posteriormente, realizarmos uma remo\u00e7\u00e3o de maior profundidade, descobrindo os drenos e prosseguindo o projeto. Tudo isto priorizando a m\u00e3o de obra local\u201d, informa Ant\u00f4nio In\u00e1cio Sobral Neto, engenheiro da empresa AJL Constru\u00e7\u00f5es Ltda.<\/p>\n<p>De acordo com Jo\u00e3o Augusto Ferreira, administrador operacional do Joia, a expectativa \u00e9 de estar tudo pronto para o Campeonato Baiano de 2016. \u201cA reforma \u00e9 essencial para o resgate hist\u00f3rico. H\u00e1 trinta anos t\u00ednhamos o segundo melhor gramado do pa\u00eds. Sem contar a m\u00e9dia de 10 a 12 mil torcedores presentes em jogos oficiais, um belo sinal de que o povo feirense tem em si a paix\u00e3o pelo esporte\u201d, concluiu.<\/p>\n<p>*Gal\u00e1ticos<\/p>\n","protected":false},"excerpt":{"rendered":"<p>Enfim, o p\u00e9ssimo gramado do est\u00e1dio Joia da Princesa, em Feira de Santana, vai ser trocado. Um dos principais equipamentos esportivos do interior baiano, o local j\u00e1 est\u00e1 passando por uma reforma e o campo \u00e9 a prioridade para que esteja pronto em fevereiro para os jogos do Campeonato Baiano. Oper\u00e1rios e equipamentos j\u00e1 trabalham [&hellip;]<\/p>\n","protected":false},"author":1,"featured_media":42535,"comment_status":"open","ping_status":"closed","sticky":false,"template":"","format":"standard","meta":[],"categories":[1],"tags":[],"_links":{"self":[{"href":"http:\/\/blitzconquista.com.br\/index.php?rest_route=\/wp\/v2\/posts\/42534"}],"collection":[{"href":"http:\/\/blitzconquista.com.br\/index.php?rest_route=\/wp\/v2\/posts"}],"about":[{"href":"http:\/\/blitzconquista.com.br\/index.php?rest_route=\/wp\/v2\/types\/post"}],"author":[{"embeddable":true,"href":"http:\/\/blitzconquista.com.br\/index.php?rest_route=\/wp\/v2\/users\/1"}],"replies":[{"embeddable":true,"href":"http:\/\/blitzconquista.com.br\/index.php?rest_route=%2Fwp%2Fv2%2Fcomments&post=42534"}],"version-history":[{"count":0,"href":"http:\/\/blitzconquista.com.br\/index.php?rest_route=\/wp\/v2\/posts\/42534\/revisions"}],"wp:featuredmedia":[{"embeddable":true,"href":"http:\/\/blitzconquista.com.br\/index.php?rest_route=\/wp\/v2\/media\/42535"}],"wp:attachment":[{"href":"http:\/\/blitzconquista.com.br\/index.php?rest_route=%2Fwp%2Fv2%2Fmedia&parent=42534"}],"wp:term":[{"taxonomy":"category","embeddable":true,"href":"http:\/\/blitzconquista.com.br\/index.php?rest_route=%2Fwp%2Fv2%2Fcategories&post=42534"},{"taxonomy":"post_tag","embeddable":true,"href":"http:\/\/blitzconquista.com.br\/index.php?rest_route=%2Fwp%2Fv2%2Ftags&post=42534"}],"curies":[{"name":"wp","href":"https:\/\/api.w.org\/{rel}","templated":true}]}}