{"id":43630,"date":"2015-11-21T23:29:32","date_gmt":"2015-11-22T02:29:32","guid":{"rendered":"http:\/\/blitzconquista.com.br\/?p=43630"},"modified":"2015-11-21T23:29:32","modified_gmt":"2015-11-22T02:29:32","slug":"com-tres-gols-em-nove-minutos-no-2o-tempo-vitoria-bate-luverdense-e-volta-a-serie-a","status":"publish","type":"post","link":"http:\/\/blitzconquista.com.br\/?p=43630","title":{"rendered":"Com tr\u00eas gols em nove minutos no 2\u00ba tempo, Vit\u00f3ria bate Luverdense e volta \u00e0 S\u00e9rie A"},"content":{"rendered":"<p><img decoding=\"async\" loading=\"lazy\" class=\"alignnone size-full wp-image-42901\" src=\"http:\/\/blitzconquista.com.br\/wp-content\/uploads\/2015\/11\/espn-logo.jpg\" alt=\"espn-logo\" width=\"100\" height=\"25\" \/><\/p>\n<p>O Vit\u00f3ria precisava de apenas um empate contra o Luverdense neste s\u00e1bado para confirmar o acesso \u00e0 primeira divis\u00e3o. A julgar pelo primeiro tempo, modorrento, a volta seria confirmada com um 0 a 0.<\/p>\n<p><img decoding=\"async\" loading=\"lazy\" class=\" size-full wp-image-43631 aligncenter\" src=\"http:\/\/blitzconquista.com.br\/wp-content\/uploads\/2015\/11\/vaswe.jpg\" alt=\"vaswe\" width=\"575\" height=\"320\" srcset=\"http:\/\/blitzconquista.com.br\/wp-content\/uploads\/2015\/11\/vaswe.jpg 575w, http:\/\/blitzconquista.com.br\/wp-content\/uploads\/2015\/11\/vaswe-300x167.jpg 300w\" sizes=\"(max-width: 575px) 100vw, 575px\" \/><\/p>\n<p>No entanto, gra\u00e7as a um segundo tempo inspirado, a hist\u00f3ria foi bem diferente. E bem mais feliz para os rubro-negros. Com gols de Escudero, Kanu e Elton, a equipe comandada por Vagner Mancini derrotou o advers\u00e1rio do Mato Grosso por 3 a 0, pela 37\u00aa rodada da S\u00e9rie B.<\/p>\n<p>O triunfo deixou o time baiano com 66 pontos, seis a mais que o Bragantino, quinto colocado com 60 &#8211; resta apenas uma rodada para ser disputada. Derrotado, o Luverdense est\u00e1 na 11\u00aa posi\u00e7\u00e3o, com 51 pontos.<\/p>\n<p>Ap\u00f3s um primeiro tempo nervoso, o Vit\u00f3ria tomou as r\u00e9deas da partida aos 16 minutos da etapa final. Em bela cobran\u00e7a de falta, Escudero abriu o placar na Fonte Nova.<\/p>\n<p>Tr\u00eas minutos depois, o zagueiro Kanu, dentro da \u00e1rea, recebeu cruzamento de Rhayner pela direita e chutou duas vezes para marcar.<\/p>\n<p>Por fim, seis minutos depois, Vander passou para Escudero. dentro da grande \u00e1rea, o meia chutou forte e viu a bola explodir na trave, nas costas do goleiro Gabriel Leite e na trave novamente. Na sobra, Elton, de voleio, fez o terceiro.<\/p>\n<p>Assim, al\u00e9m do Vit\u00f3ria, Botafogo, Santa Cruz e Am\u00e9rica-MG s\u00e3o os clubes da S\u00e9rie B que estar\u00e3o na elite em 2016.<\/p>\n<p>Na \u00faltima rodada, que ser\u00e1 disputada no pr\u00f3ximo s\u00e1bado, 28 de novembro, o Vit\u00f3ria enfrentar\u00e1 o Santa Cruz fora de casa, no Arruda, a partir das 17h30 (hor\u00e1rio de Bras\u00edlia).<\/p>\n<p>J\u00e1 o Luverdense jogar\u00e1 contra o Mogi Mirim na sexta-feira, \u00e0s 21h30 (de Bras\u00edlia), no Passo das Emas.<br \/>\n<strong><br \/>\nFICHA T\u00c9CNICA:<br \/>\nVIT\u00d3RIA 3 X 0 LUVERDENSE<\/strong><\/p>\n<p><strong>Local: <\/strong>Arena Fonte Nova, em Salvador (BA)<br \/>\n<strong>Data:<\/strong> 21 de novembro de 2015, s\u00e1bado<br \/>\n<strong>Hor\u00e1rio:<\/strong> 17h30 (de Bras\u00edlia)<br \/>\n<strong>\u00c1rbitro:<\/strong> H\u00e9ber Roberto Lopes (Fifa\/SC)<br \/>\n<strong>Assistentes:<\/strong> Helton Nunes (CBF-1\/SC) e Eder Alexandre (CBF-1\/SC)<br \/>\n<strong>Gols: <\/strong>Escudero, Kanu e Elton, aos 16, 19 e 25 do 2\u00ba tempo<br \/>\n<strong>Cart\u00f5es Amarelos:<\/strong> Osman, Luiz Ot\u00e1vio e Everton (Luverdense); Vander (Vit\u00f3ria)<\/p>\n<p><strong>VIT\u00d3RIA: <\/strong>Roberto Fern\u00e1ndez (Fernando Miguel); Diogo Mateus, Guilherme Mattis, Kanu e Diego Renan; Amaral (Jorge Wagner), Pedro Ken, Escudero e Vander (Yan); Rhayner e Elton.\u00a0<strong>T\u00e9cnico: <\/strong>Vagner Mancini<\/p>\n<p><strong>LUVERDENSE:<\/strong> Gabriel Leite; Gabriel Passos, Luiz Ot\u00e1vio, Everton e Paulinho; Muralha (J\u00falio Terceiro), Osman e Diego Rosa; Al\u00edpio (Rafael Silva), Lucas Fernandes e Assu\u00e9rio (Adriano da Matta).\u00a0<strong>T\u00e9cnico:<\/strong> J\u00fanior Rocha<\/p>\n","protected":false},"excerpt":{"rendered":"<p>O Vit\u00f3ria precisava de apenas um empate contra o Luverdense neste s\u00e1bado para confirmar o acesso \u00e0 primeira divis\u00e3o. A julgar pelo primeiro tempo, modorrento, a volta seria confirmada com um 0 a 0. No entanto, gra\u00e7as a um segundo tempo inspirado, a hist\u00f3ria foi bem diferente. E bem mais feliz para os rubro-negros. Com [&hellip;]<\/p>\n","protected":false},"author":1,"featured_media":43631,"comment_status":"open","ping_status":"closed","sticky":false,"template":"","format":"standard","meta":[],"categories":[1],"tags":[],"_links":{"self":[{"href":"http:\/\/blitzconquista.com.br\/index.php?rest_route=\/wp\/v2\/posts\/43630"}],"collection":[{"href":"http:\/\/blitzconquista.com.br\/index.php?rest_route=\/wp\/v2\/posts"}],"about":[{"href":"http:\/\/blitzconquista.com.br\/index.php?rest_route=\/wp\/v2\/types\/post"}],"author":[{"embeddable":true,"href":"http:\/\/blitzconquista.com.br\/index.php?rest_route=\/wp\/v2\/users\/1"}],"replies":[{"embeddable":true,"href":"http:\/\/blitzconquista.com.br\/index.php?rest_route=%2Fwp%2Fv2%2Fcomments&post=43630"}],"version-history":[{"count":0,"href":"http:\/\/blitzconquista.com.br\/index.php?rest_route=\/wp\/v2\/posts\/43630\/revisions"}],"wp:featuredmedia":[{"embeddable":true,"href":"http:\/\/blitzconquista.com.br\/index.php?rest_route=\/wp\/v2\/media\/43631"}],"wp:attachment":[{"href":"http:\/\/blitzconquista.com.br\/index.php?rest_route=%2Fwp%2Fv2%2Fmedia&parent=43630"}],"wp:term":[{"taxonomy":"category","embeddable":true,"href":"http:\/\/blitzconquista.com.br\/index.php?rest_route=%2Fwp%2Fv2%2Fcategories&post=43630"},{"taxonomy":"post_tag","embeddable":true,"href":"http:\/\/blitzconquista.com.br\/index.php?rest_route=%2Fwp%2Fv2%2Ftags&post=43630"}],"curies":[{"name":"wp","href":"https:\/\/api.w.org\/{rel}","templated":true}]}}