{"id":44112,"date":"2015-12-06T21:08:47","date_gmt":"2015-12-07T00:08:47","guid":{"rendered":"http:\/\/blitzconquista.com.br\/?p=44112"},"modified":"2015-12-06T21:08:47","modified_gmt":"2015-12-07T00:08:47","slug":"jorginho-chora-apos-queda-sentimento-de-quem-perdeu-alguem-da-familia","status":"publish","type":"post","link":"http:\/\/blitzconquista.com.br\/?p=44112","title":{"rendered":"Jorginho chora ap\u00f3s queda: &#8216;Sentimento de quem perdeu algu\u00e9m da fam\u00edlia&#8217;"},"content":{"rendered":"<header class=\"single-post-header\">\n<div class=\"sub\"><span class=\"author\">ESPN.com.br<\/span><\/div>\n<figure style=\"width: 622px\" class=\"wp-caption aligncenter\"><img decoding=\"async\" loading=\"lazy\" src=\"http:\/\/cdn.espn.com.br\/thumb\/622_098f7cab-b78a-35cb-8aec-63edb9f98a5e.jpg\" alt=\"622 098f7cab b78a 35cb 8aec 63edb9f98a5e\" width=\"622\" height=\"350\" \/><figcaption class=\"wp-caption-text\">Emocionado, Jorginho lamenta rebaixamento do Vasco: &#8216;Entreguei tudo o que eu tinha&#8217;<\/figcaption><\/figure>\n<\/header>\n<div class=\"postfigure videoplayer\"><\/div>\n<p>Jorginho chorou. O treinador liderou uma rea\u00e7\u00e3o improv\u00e1vel, mas falhou na miss\u00e3o mais dif\u00edcil da carreira: livrar o Vasco do rebaixamento \u00e0 S\u00e9rie B do Campeonato Brasileiro. O sentimento do treinador era evidente na entrevista ocorrida depois do 0 a 0 com o Coritiba, no Couto Pereira. As l\u00e1grimas do comandante da nau vasca\u00edna simbolizaram a tristeza de um grupo que tentou, mas n\u00e3o apagou o p\u00e9ssimo in\u00edcio de competi\u00e7\u00e3o.<\/p>\n<p>&#8220;O sentimento \u00e9 como se a gente tivesse perdido algu\u00e9m da fam\u00edlia, \u00e9 uma dor muito grande. Queria pedir desculpas ao nosso torcedor, que nos apoiou em todos os momentos. Se existe algo em que foi positivo, al\u00e9m da entrega dos jogadores em todos os momentos, foi acreditar do trabalho que tivemos; o torcedor abra\u00e7ou esta equipe&#8221;, discursou o treinador vasca\u00edno.<\/p>\n<p>Geralmente tranquilo e com uma voz paciente nas entrevistas, Jorginho n\u00e3o escondeu a tristeza. Conforme passaram-se os minutos e as perguntas, as l\u00e1grimas surgiram, e o t\u00e9cnico vasca\u00edno n\u00e3o as escondeu.<\/p>\n<div class=\"postfigure videoplayer\"><\/div>\n<div class=\"postfigure videoplayer\">\n<figure class=\"video-player-widget\">\n<div class=\"_videoplayer-thumb\">\n<figure style=\"width: 622px\" class=\"wp-caption aligncenter\"><img decoding=\"async\" loading=\"lazy\" src=\"http:\/\/cdn.espn.com.br\/thumb\/622_37de5e34-4b32-367a-95cc-d408dc46a645.jpg\" alt=\"622 37de5e34 4b32 367a 95cc d408dc46a645\" width=\"622\" height=\"350\" \/><figcaption class=\"wp-caption-text\">Assista aos melhores momentos do empate sem gols entre Coritiba e Vasco<\/figcaption><\/figure>\n<\/div><figcaption class=\"video-caption\"> <\/figcaption><\/figure>\n<\/div>\n<p>&#8220;Chegar com possibilidades de sair, isso tem muito a ver com o torcedor, que abra\u00e7ou a equipe. A vida continua, s\u00e3o experi\u00eancias que nos fazem melhores profissionais. Nosso car\u00e1ter foi lapidado em todo esse per\u00edodo. Todos devem realmente sair de cabe\u00e7a erguida porque fizemos o nosso melhor. Continuamos nossa vida profissional e vamos procurar fazer o melhor&#8221;, acrescentou.<\/p>\n<p>&#8220;Entreguei tudo o que tinha de conhecimento do futebol. Acumulei experi\u00eancia na sele\u00e7\u00e3o, e n\u00e3o faria nada diferente, os jogadores fizeram o melhor, tenho que agradecer aos jogadores&#8221;, concluiu o comandante do terceiro rebaixamento vasca\u00edno \u00e0 S\u00e9rie B do Campeonato Brasileiro.<\/p>\n<div class=\"postfigure videoplayer\"><\/div>\n<div class=\"postfigure videoplayer\">\n<figure class=\"video-player-widget\">\n<div class=\"_videoplayer-thumb\"><img decoding=\"async\" class=\" aligncenter\" src=\"http:\/\/cdn.espn.com.br\/thumb\/622_60e9775f-b5ee-3070-8deb-6d3c2202d315.jpg\" alt=\"622 60e9775f b5ee 3070 8deb 6d3c2202d315\" \/><\/div><figcaption class=\"video-caption\"> <\/figcaption><\/figure>\n<\/div>\n<p>O empate sem gols deixou o Vasco com 41 pontos depois de 38 rodadas de S\u00e9rie A. O Figueirense, que venceu o Fluminense neste domingo por 1 a 0, chegou aos 43 e se salvou do rebaixamento. Al\u00e9m dos cariocas, Ava\u00ed, Goi\u00e1s e Joinville ca\u00edram para a segunda divis\u00e3o do futebol nacional.<\/p>\n","protected":false},"excerpt":{"rendered":"<p>ESPN.com.br Jorginho chorou. O treinador liderou uma rea\u00e7\u00e3o improv\u00e1vel, mas falhou na miss\u00e3o mais dif\u00edcil da carreira: livrar o Vasco do rebaixamento \u00e0 S\u00e9rie B do Campeonato Brasileiro. O sentimento do treinador era evidente na entrevista ocorrida depois do 0 a 0 com o Coritiba, no Couto Pereira. As l\u00e1grimas do comandante da nau vasca\u00edna [&hellip;]<\/p>\n","protected":false},"author":1,"featured_media":44113,"comment_status":"open","ping_status":"closed","sticky":false,"template":"","format":"standard","meta":[],"categories":[1],"tags":[],"_links":{"self":[{"href":"http:\/\/blitzconquista.com.br\/index.php?rest_route=\/wp\/v2\/posts\/44112"}],"collection":[{"href":"http:\/\/blitzconquista.com.br\/index.php?rest_route=\/wp\/v2\/posts"}],"about":[{"href":"http:\/\/blitzconquista.com.br\/index.php?rest_route=\/wp\/v2\/types\/post"}],"author":[{"embeddable":true,"href":"http:\/\/blitzconquista.com.br\/index.php?rest_route=\/wp\/v2\/users\/1"}],"replies":[{"embeddable":true,"href":"http:\/\/blitzconquista.com.br\/index.php?rest_route=%2Fwp%2Fv2%2Fcomments&post=44112"}],"version-history":[{"count":0,"href":"http:\/\/blitzconquista.com.br\/index.php?rest_route=\/wp\/v2\/posts\/44112\/revisions"}],"wp:featuredmedia":[{"embeddable":true,"href":"http:\/\/blitzconquista.com.br\/index.php?rest_route=\/wp\/v2\/media\/44113"}],"wp:attachment":[{"href":"http:\/\/blitzconquista.com.br\/index.php?rest_route=%2Fwp%2Fv2%2Fmedia&parent=44112"}],"wp:term":[{"taxonomy":"category","embeddable":true,"href":"http:\/\/blitzconquista.com.br\/index.php?rest_route=%2Fwp%2Fv2%2Fcategories&post=44112"},{"taxonomy":"post_tag","embeddable":true,"href":"http:\/\/blitzconquista.com.br\/index.php?rest_route=%2Fwp%2Fv2%2Ftags&post=44112"}],"curies":[{"name":"wp","href":"https:\/\/api.w.org\/{rel}","templated":true}]}}