{"id":44130,"date":"2015-12-08T20:49:53","date_gmt":"2015-12-08T23:49:53","guid":{"rendered":"http:\/\/blitzconquista.com.br\/?p=44130"},"modified":"2015-12-08T20:49:53","modified_gmt":"2015-12-08T23:49:53","slug":"dossie-denuncia-violacoes-na-preparacao-do-rio-para-os-jogos-olimpicos","status":"publish","type":"post","link":"http:\/\/blitzconquista.com.br\/?p=44130","title":{"rendered":"Dossi\u00ea denuncia viola\u00e7\u00f5es na prepara\u00e7\u00e3o do Rio para os Jogos Ol\u00edmpicos"},"content":{"rendered":"<p>A quarta vers\u00e3o do Dossi\u00ea Megaeventos e Viola\u00e7\u00f5es dos Direitos Humanos no Rio de Janeiro, disponibilizada hoje (8) pelo Comit\u00ea Popular da Copa e Olimp\u00edadas do RJ e o Observat\u00f3rio das Metr\u00f3poles, diz que as viola\u00e7\u00f5es \u00e0 moradia permanecem sendo cometidas pela prefeitura da capital fluminense. O documento est\u00e1 sendo divulgado tamb\u00e9m em outros pa\u00edses, na vers\u00e3o em ingl\u00eas.<\/p>\n<figure class=\"teaser\">\n<figure style=\"width: 580px\" class=\"wp-caption aligncenter\"><img decoding=\"async\" loading=\"lazy\" class=\"Image img__fid__36175 img__view_mode__teaser attr__format__teaser\" src=\"http:\/\/agenciabrasil.ebc.com.br\/sites\/_agenciabrasil2013\/files\/styles\/interna_grande\/public\/fotos\/970739-07-08-2015__dsc4683.jpg?itok=zQXVnslw\" alt=\"A um ano dos Jogos Ol\u00edmpicos Rio 2016, alunos e professores da rede municipal participam de desfile ol\u00edmpico no Parque Madureira, na zona norte da cidade (T\u00e2nia R\u00eago\/Ag\u00eancia Brasil)\" width=\"580\" height=\"388\" \/><figcaption class=\"wp-caption-text\">Jogos Ol\u00edmpicos Rio 2016, alunos e professores da rede municipal participam de desfile ol\u00edmpico no Parque Madureira, na zona norte da cidadeArquivo\/T\u00e2nia R\u00eago\/Ag\u00eancia Brasil<\/figcaption><\/figure><figcaption>&nbsp;<\/p>\n<\/figcaption><\/figure>\n<p>\u201cO dossi\u00ea demonstra que as remo\u00e7\u00f5es, ao contr\u00e1rio do que a prefeitura vinha anunciando desde o ano passado, n\u00e3o pararam. Est\u00e3o ainda em curso e parte consider\u00e1vel est\u00e1 associada \u00e0s interven\u00e7\u00f5es das Olimp\u00edadas, sobretudo em termos de mobilidade\u201d, afirmou \u00e0 <strong>Ag\u00eancia Brasil <\/strong>o pesquisador do Observat\u00f3rio das Metr\u00f3poles, Orlando dos Santos J\u00fanior, professor do Instituto de Pesquisa e Planejamento Urbano e Regional, da Universidade Federal do Rio de Janeiro (Ippur-UFRJ), um dos coordenadores do trabalho.<\/p>\n<p>Santos J\u00fanior disse que embora haja dificuldade de se obter informa\u00e7\u00f5es relacionadas aos Jogos Ol\u00edm\u00edcos de 2016, o comit\u00ea procurou identificar as remo\u00e7\u00f5es associadas ao evento. \u201cO discurso da prefeitura tem sido que no Rio de Janeiro n\u00e3o existem remo\u00e7\u00f5es vinculadas \u00e0 Olimp\u00edada, exceto da Vila Aut\u00f3dromo\u201d. Para o pesquisador, por\u00e9m, h\u00e1 uma contradi\u00e7\u00e3o nesse discurso da prefeitura, que \u00e9 negar as interven\u00e7\u00f5es vinculadas \u00e0 mobilidade como parte do Projeto Ol\u00edmpico. \u201cS\u00f3 que, no entanto, essas interven\u00e7\u00f5es est\u00e3o no legado de pol\u00edticas p\u00fablicas\u201d. A prefeitura, segundo ele, estaria, com isso, negando os efeitos perversos das remo\u00e7\u00f5es.<\/p>\n<figure class=\"default\">\n<figure style=\"width: 277px\" class=\"wp-caption alignright\"><img decoding=\"async\" loading=\"lazy\" class=\"Image img__fid__27171 img__view_mode__default attr__format__default\" src=\"http:\/\/agenciabrasil.ebc.com.br\/sites\/_agenciabrasil2013\/files\/styles\/interna_pequena\/public\/fotos\/953070-vilaautodromo_21.jpg?itok=Nc6K1nI4\" alt=\"A 500 dias das Olimp\u00edadas de 2016, moradores da Vila Aut\u00f3dromo, em Jacarepagu\u00e1, reclamam de perda de qualidade de vida e incertezas sobre o futuro com as obras para os Jogos (Fernando Fraz\u00e3o\/Ag\u00eancia Brasil)\" width=\"277\" height=\"160\" \/><figcaption class=\"wp-caption-text\">Moradores da Vila Aut\u00f3dromo, em Jacarepagu\u00e1, reclamam de perda de qualidade de vida e incertezas sobre o futuro com as obras para as Ol\u00edmpiadas Arquivo\/Fernando Fraz\u00e3o\/Agencia Brasil<\/figcaption><\/figure><figcaption>&nbsp;<\/p>\n<\/figcaption><\/figure>\n<p>O Comit\u00ea Popular da Copa e Olimp\u00edada identificou que pelo menos 4.120 fam\u00edlias j\u00e1 foram removidas e outras 2.486 permanecem amea\u00e7adas de remo\u00e7\u00e3o, por motivos direta ou indiretamente relacionados \u00e0s interven\u00e7\u00f5es do Projeto Ol\u00edmpico.<\/p>\n<p><strong>Seguran\u00e7a<\/strong><\/p>\n<p>No que se refere \u00e0 pol\u00edtica da ordem e da seguran\u00e7a, o dossi\u00ea assegura que o Projeto Ol\u00edmpico est\u00e1 muito associado \u00e0 ideia de vender o Rio de Janeiro como uma cidade segura, como ocorre internacionalmente nas demais sedes dos Jogos Ol\u00edmpicos do Rio. \u201cS\u00f3 que, na verdade, o projeto est\u00e1 associado a um processo de grande viol\u00eancia junto aos territ\u00f3rios populares, sobretudo aos jovens negros, que s\u00e3o as principais v\u00edtimas\u201d. O dossi\u00ea denuncia que a pol\u00edtica de seguran\u00e7a para a Olimp\u00edada de 2016 \u00e9 baseada na guerra, em extrema viol\u00eancia, na militariza\u00e7\u00e3o e no racismo. \u201cH\u00e1 uma pol\u00edtica de genoc\u00eddio, no sentido que a interven\u00e7\u00e3o nas favelas \u00e9 t\u00e3o violenta que est\u00e1 associada ao sistem\u00e1tico assassinato de jovens negros\u201d.<\/p>\n<p>O documento mostra que essa forma de viol\u00eancia est\u00e1 fundada nos autos de resist\u00eancia. \u201cVoc\u00ea tem semanalmente casos de viol\u00eancia policial associada a essa pol\u00edtica de seguran\u00e7a\u201d, disse, citando o recente exterm\u00ednio, ocorrido na noite do dia 28 de novembro, de cinco jovens de 16 a 25 anos, no bairro de Costa Barros, zona norte do Rio.<\/p>\n<p>De acordo com dados do Instituto de Seguran\u00e7a P\u00fablica (ISP), constantes no dossi\u00ea, o n\u00famero de autos de resist\u00eancia subiu de 381, em 2012, para 416, em 2013, no estado do Rio de Janeiro, elevando-se para 584, no ano passado. Na primeira metade de 2015, o ISP j\u00e1 registra 349 mortes.<\/p>\n<p><strong>Or\u00e7amento<\/strong><\/p>\n<p>O dossi\u00ea faz um esfor\u00e7o para demonstrar que, ao contr\u00e1rio do que afirma a prefeitura, a Olimp\u00edada envolve mais gastos p\u00fablicos do que privados. O documento procura registrar gastos que n\u00e3o est\u00e3o contabilizados pela prefeitura, entre os quais contrapresta\u00e7\u00f5es p\u00fablicas vinculadas a parcerias\u00a0 p\u00fablico-privadas (PPPs) do Porto Maravilha e do Parque Ol\u00edmpico.<\/p>\n<figure class=\"teaser\">\n<figure style=\"width: 580px\" class=\"wp-caption aligncenter\"><img decoding=\"async\" loading=\"lazy\" class=\"Image img__fid__17754 img__view_mode__teaser attr__format__teaser\" src=\"http:\/\/agenciabrasil.ebc.com.br\/sites\/_agenciabrasil2013\/files\/styles\/interna_grande\/public\/fotos\/934796-tunel%20450_metro_rio%20de%20janeiro_10.jpg?itok=N1MCHsd6\" alt=\"O Rio 450, segundo t\u00fanel da regi\u00e3o do Porto, atinge 100% de escava\u00e7\u00e3o, \u00e9 a primeira grande obra do sistema vi\u00e1rio entregue pela prefeitura do Rio dentro do projeto Porto Maravilha (T\u00e2nia R\u00eago\/Ag\u00eancia Brasil)\" width=\"580\" height=\"388\" \/><figcaption class=\"wp-caption-text\">O Rio 450, segundo t\u00fanel da regi\u00e3o do Porto, atinge 100% de escava\u00e7\u00e3o, \u00e9 a primeira grande obra do sistema vi\u00e1rio entregue pela prefeitura do Rio dentro do projeto Porto Maravilha Arquivo\/T\u00e2nia R\u00eago\/Ag\u00eancia Brasil<\/figcaption><\/figure><figcaption>&nbsp;<\/p>\n<\/figcaption><\/figure>\n<p>\u201cA propaganda de que a Olimp\u00edada seria puxada na sua maior parte por recursos privados s\u00f3 se sustenta com a omiss\u00e3o de gastos, com a deturpa\u00e7\u00e3o dos dados\u201d. Por isso, o dossi\u00ea tenta mostrar que, na realidade, o poder p\u00fablico \u00e9 que est\u00e1 financiando o evento. Pelos c\u00e1lculos do governo, o setor p\u00fablico responde por gastos de R$ 16,46 bilh\u00f5es com o evento esportivo, ou o correspondente a 42,6% do total de R$ 38,67 bilh\u00f5es, ficando o restante (R$ 22,21 bilh\u00f5es), equivalente a 57,4% do total, com o setor privado.<\/p>\n<p>Segundo o Comit\u00ea Popular, a inclus\u00e3o dos custos omitidos elevaria o or\u00e7amento dos Jogos para R$ 39,12 bilh\u00f5es, repartidos R$ 24,31 bilh\u00f5es para o setor p\u00fablico (ou 62,1% do total), e R$ 14,81 bilh\u00f5es (37,9%) para o setor privado.<\/p>\n<p><strong>Meio ambiente<\/strong><\/p>\n<figure class=\"teaser\">\n<figure style=\"width: 580px\" class=\"wp-caption aligncenter\"><img decoding=\"async\" loading=\"lazy\" class=\"Image img__fid__31882 img__view_mode__teaser attr__format__teaser\" src=\"http:\/\/agenciabrasil.ebc.com.br\/sites\/_agenciabrasil2013\/files\/styles\/interna_grande\/public\/fotos\/962465-_abr6844.jpg?itok=NWmAicSq\" alt=\"Atletas e ambientalistas protestam na praia de Botafogo contra polui\u00e7\u00e3o da Ba\u00eda de Guanabara, local das provas de vela nos Jogos Ol\u00edmpicos de 2016 (Fernando Fraz\u00e3o\/Ag\u00eancia Brasil)\" width=\"580\" height=\"388\" \/><figcaption class=\"wp-caption-text\">Atletas e ambientalistas protestam na praia de Botafogo contra polui\u00e7\u00e3o da Ba\u00eda de Guanabara, local das provas de vela nos Jogos Ol\u00edmpicos de 2016Arquivo\/Fernando Fraz\u00e3o\/Ag\u00eancia Brasil<\/figcaption><\/figure><figcaption><\/figcaption><\/figure>\n<p>Al\u00e9m do descumprimento de um dos maiores compromissos assumidos para os Jogos do Rio, que \u00e9 a despolui\u00e7\u00e3o da Ba\u00eda da Guanabara, o documento cita o caso da constru\u00e7\u00e3o do campo de golfe, que \u201cenvolve a destrui\u00e7\u00e3o de parte de uma \u00e1rea de preserva\u00e7\u00e3o ambiental, o favorecimento de grandes empreiteiras com o aumento do \u00edndice do potencial construtivo na Barra da Tijuca em troca desse empreendimento. S\u00e3o esc\u00e2ndalos ambientais vinculados a interven\u00e7\u00f5es da Olimp\u00edada\u201d, afirma o professor do Ippur-UFRJ.<\/p>\n<figure class=\"teaser\">\n<figure style=\"width: 580px\" class=\"wp-caption aligncenter\"><img decoding=\"async\" loading=\"lazy\" class=\"Image img__fid__27384 img__view_mode__teaser attr__format__teaser\" src=\"http:\/\/agenciabrasil.ebc.com.br\/sites\/_agenciabrasil2013\/files\/styles\/interna_grande\/public\/fotos\/953435-25032015-_tng1526.jpg?itok=EBD62S4x\" alt=\"O Campo Ol\u00edmpico de Golfe, na Barra da Tijuca, durante a programa\u00e7\u00e3o que assinala os 500 dias que faltam para os Jogos Ol\u00edmpicos Rio 2016 (Tomaz Silva\/Ag\u00eancia Brasil)\" width=\"580\" height=\"388\" \/><figcaption class=\"wp-caption-text\">O Campo Ol\u00edmpico de Golfe, na Barra da Tijuca, durante a programa\u00e7\u00e3o que assinala os 500 dias que faltam para os Jogos Ol\u00edmpicos Rio 2016 Arquivo\/Tomaz Silva\/Ag\u00eancia Brasil<\/figcaption><\/figure><figcaption>&nbsp;<\/p>\n<\/figcaption><\/figure>\n<p>O golfe voltou a ser uma modalidade ol\u00edmpica para a Rio 2016, depois de 112 anos fora dos Jogos. O documento destaca que apesar de o munic\u00edpio do Rio de Janeiro j\u00e1 ter dois campos de golfe que recebem provas internacionais disputadas no Brasil, que s\u00e3o o Itanhang\u00e1 Golf Club e o G\u00e1vea Golf Club, a prefeitura decidiu construir mais um campo na cidade. O Minist\u00e9rio P\u00fablico do Estado do Rio de Janeiro questionou as irregularidades ambientais referentes ao campo de golfe mas, apesar disso, as obras continuaram e o campo foi inaugurado pelo prefeito Eduardo Paes no \u00faltimo dia 22 de novembro.<\/p>\n<p><strong>Esportes<\/strong><\/p>\n<p>O dossi\u00ea inclui vasto relat\u00f3rio sobre a quest\u00e3o dos esportes como extens\u00e3o da Olimp\u00edada. Para Orlando dos Santos J\u00fanior, o evento n\u00e3o vai deixar um legado de equipamentos esportivos para a cidade. \u201cMuito pelo contr\u00e1rio. N\u00f3s perdemos a oportunidade de recuperar o Est\u00e1dio de Remo. As estruturas v\u00e3o ser provis\u00f3rias\u201d. Lembrou que o Est\u00e1dio de Atletismo C\u00e9lio de Barros e o Parque Aqu\u00e1tico J\u00falio de Lamare v\u00e3o continuar fechados. \u201cVoc\u00ea n\u00e3o tem espa\u00e7o para treinamento dos atletas. Tem uma oportunidade perdida de investimento em equipamentos esportivos\u201d, sustentou o pesquisador do Observat\u00f3rio das Metr\u00f3poles.<\/p>\n<figure class=\"default\">\n<figure style=\"width: 277px\" class=\"wp-caption alignright\"><img decoding=\"async\" loading=\"lazy\" class=\"Image img__fid__25156 img__view_mode__default attr__format__default\" src=\"http:\/\/agenciabrasil.ebc.com.br\/sites\/_agenciabrasil2013\/files\/styles\/interna_pequena\/public\/fotos\/949446-maracana.jpg?itok=Qgw2tAfS\" alt=\"Est\u00e1dio M\u00e1rio Filho , o Maracan\u00e3 (ME\/Portal da Copa\/Daniel Basil)\" width=\"277\" height=\"160\" \/><figcaption class=\"wp-caption-text\">Est\u00e1dio M\u00e1rio Filho , o Maracan\u00e3 (ME\/Portal da Copa\/Daniel Basil)ME\/Portal da Copa\/Daniel Basil<\/figcaption><\/figure><figcaption><\/figcaption><\/figure>\n<p>Al\u00e9m dessas tem\u00e1ticas, o dossi\u00ea traz den\u00fancias relacionadas, por exemplo, a crian\u00e7a e adolescente, trabalho escravo, repress\u00e3o a camel\u00f4s e a prostitutas. \u201cV\u00e1rios grupos est\u00e3o sofrendo os efeitos da repress\u00e3o promovida pelo governo municipal\u201d. Segundo o coordenador, o dossi\u00ea \u00e9 uma tentativa de mostrar que esse Projeto Ol\u00edmpico est\u00e1, na verdade, a servi\u00e7o de um projeto de cidade excludente, na medida em que obras e interven\u00e7\u00f5es s\u00e3o feitas sem participa\u00e7\u00e3o popular, com favorecimento a grandes empreiteiras, \u201cque s\u00e3o as mesmas\u201d. Reiterou que os cariocas est\u00e3o perdendo a oportunidade de promover uma cidade mais justa, mais integrada. \u201cN\u00f3s estamos muito distantes de promover uma Olimp\u00edadas da integra\u00e7\u00e3o social e estamos efetivamente vendo uma pol\u00edtica de exclus\u00e3o social sendo implementada na cidade do Rio de Janeiro\u201d.<\/p>\n<p><strong>Prefeitura do Rio de Janeiro<\/strong><\/p>\n<p>Procurada pela <strong>Ag\u00eancia Brasil<\/strong>, a prefeitura do Rio encaminhou, por meio de sua assessoria de imprensa, documento da Secretaria Municipal de Habita\u00e7\u00e3o e Cidadania, que assegura que o munic\u00edpio do Rio de Janeiro tem enfrentado, em seu processo de transforma\u00e7\u00e3o, o \u201cdesafio de implementar obras mexendo o m\u00ednimo poss\u00edvel na rotina dos cariocas\u201d.Isso inclui, por vezes, a necessidade de desapropria\u00e7\u00e3o ou do reassentamento de fam\u00edlias que morem na \u00e1rea de influ\u00eancia de interven\u00e7\u00f5es p\u00fablicas, informou. Deixou claro, entretanto, no tocante a remo\u00e7\u00f5es, que a administra\u00e7\u00e3o municipal \u201cn\u00e3o utiliza o instrumento da remo\u00e7\u00e3o, quando as fam\u00edlias s\u00e3o retiradas \u00e0 revelia do im\u00f3vel e n\u00e3o s\u00e3o dadas condi\u00e7\u00f5es de transi\u00e7\u00e3o para elas\u201d.<br \/>\nA prefeitura n\u00e3o comentou as outras den\u00fancias formuladas pelo dossi\u00ea.<\/p>\n","protected":false},"excerpt":{"rendered":"<p>A quarta vers\u00e3o do Dossi\u00ea Megaeventos e Viola\u00e7\u00f5es dos Direitos Humanos no Rio de Janeiro, disponibilizada hoje (8) pelo Comit\u00ea Popular da Copa e Olimp\u00edadas do RJ e o Observat\u00f3rio das Metr\u00f3poles, diz que as viola\u00e7\u00f5es \u00e0 moradia permanecem sendo cometidas pela prefeitura da capital fluminense. O documento est\u00e1 sendo divulgado tamb\u00e9m em outros pa\u00edses, [&hellip;]<\/p>\n","protected":false},"author":1,"featured_media":44131,"comment_status":"open","ping_status":"closed","sticky":false,"template":"","format":"standard","meta":[],"categories":[1],"tags":[],"_links":{"self":[{"href":"http:\/\/blitzconquista.com.br\/index.php?rest_route=\/wp\/v2\/posts\/44130"}],"collection":[{"href":"http:\/\/blitzconquista.com.br\/index.php?rest_route=\/wp\/v2\/posts"}],"about":[{"href":"http:\/\/blitzconquista.com.br\/index.php?rest_route=\/wp\/v2\/types\/post"}],"author":[{"embeddable":true,"href":"http:\/\/blitzconquista.com.br\/index.php?rest_route=\/wp\/v2\/users\/1"}],"replies":[{"embeddable":true,"href":"http:\/\/blitzconquista.com.br\/index.php?rest_route=%2Fwp%2Fv2%2Fcomments&post=44130"}],"version-history":[{"count":0,"href":"http:\/\/blitzconquista.com.br\/index.php?rest_route=\/wp\/v2\/posts\/44130\/revisions"}],"wp:featuredmedia":[{"embeddable":true,"href":"http:\/\/blitzconquista.com.br\/index.php?rest_route=\/wp\/v2\/media\/44131"}],"wp:attachment":[{"href":"http:\/\/blitzconquista.com.br\/index.php?rest_route=%2Fwp%2Fv2%2Fmedia&parent=44130"}],"wp:term":[{"taxonomy":"category","embeddable":true,"href":"http:\/\/blitzconquista.com.br\/index.php?rest_route=%2Fwp%2Fv2%2Fcategories&post=44130"},{"taxonomy":"post_tag","embeddable":true,"href":"http:\/\/blitzconquista.com.br\/index.php?rest_route=%2Fwp%2Fv2%2Ftags&post=44130"}],"curies":[{"name":"wp","href":"https:\/\/api.w.org\/{rel}","templated":true}]}}