{"id":44390,"date":"2015-12-15T23:42:17","date_gmt":"2015-12-16T02:42:17","guid":{"rendered":"http:\/\/blitzconquista.com.br\/?p=44390"},"modified":"2015-12-15T23:42:17","modified_gmt":"2015-12-16T02:42:17","slug":"diretor-diz-que-manifestacao-de-ex-jogadores-por-mudanca-na-cbf-e-avanco","status":"publish","type":"post","link":"http:\/\/blitzconquista.com.br\/?p=44390","title":{"rendered":"Diretor diz que manifesta\u00e7\u00e3o de ex-jogadores por mudan\u00e7a na CBF \u00e9 avan\u00e7o"},"content":{"rendered":"<p><img decoding=\"async\" loading=\"lazy\" class=\"alignnone size-full wp-image-38965\" src=\"http:\/\/blitzconquista.com.br\/wp-content\/uploads\/2015\/08\/agencia_brasil_logo.png\" alt=\"agencia_brasil_logo\" width=\"150\" height=\"35\" \/><\/p>\n<p>O secret\u00e1rio-geral da Confedera\u00e7\u00e3o Brasileira de Futebol (CBF), Walter Feldman, disse hoje (15) que o Brasil lutou muito para que n\u00e3o houvesse ditadura e para que ocorressem manifesta\u00e7\u00f5es livres e espont\u00e2neas nas ruas. A declara\u00e7\u00e3o Feldman, foi para explicar o posicionamento da entidade sobre o manifesto organizado pelo movimento Bom Senso Futebol Clube, que re\u00fane profissionais ligados ao futebol e lido pelo tetracampe\u00e3o mundial Ra\u00ed na manifesta\u00e7\u00e3o #OcupaCBF, nesta ter\u00e7a-feira, em frente \u00e0 sede da CBF, na Barra da Tijuca, no Rio.<\/p>\n<figure class=\"teaser\">\n<figure style=\"width: 580px\" class=\"wp-caption aligncenter\"><img decoding=\"async\" loading=\"lazy\" class=\"Image img__fid__47160 img__view_mode__teaser attr__format__teaser\" src=\"http:\/\/agenciabrasil.ebc.com.br\/sites\/_agenciabrasil2013\/files\/styles\/interna_grande\/public\/cbf.jpg?itok=5_VaOP1M\" alt=\"O secret\u00e1rio-geral da Confedera\u00e7\u00e3o Brasileira de Futebol (CBF), Walter Feldman, disse hoje (15) que o Brasil lutou muito para que n\u00e3o houvesse ditadura e para que ocorressem manifesta\u00e7\u00f5es livres e espont\u00e2neas nas ruas\" width=\"580\" height=\"388\" \/><figcaption class=\"wp-caption-text\">O secret\u00e1rio-geral da Confedera\u00e7\u00e3o Brasileira de Futebol (CBF), Walter Feldman, disse hoje (15), ao falar sobre a manifesta\u00e7\u00e3o de ex-jogadores, que o Brasil lutou muito para que n\u00e3o houvesse ditadura e para que ocorressem manifesta\u00e7\u00f5es livres e espont\u00e2neas nas ruasCristina Indio do Brasil\/Ag\u00eancia Brasil<\/figcaption><\/figure><figcaption><\/figcaption><\/figure>\n<p>&#8220;Qualquer manifesta\u00e7\u00e3o no Brasil, hoje, deve ser vista como um desejo de mudan\u00e7a, de transforma\u00e7\u00e3o, de avan\u00e7o, de aperfei\u00e7oamento. Ent\u00e3o, para n\u00f3s, n\u00e3o h\u00e1 nenhum problema em receber essa manifesta\u00e7\u00e3o como a que ocorreu agora. Havia uma expectativa, inclusive, de que os manifestantes fizessem uma demanda de entrega de algum documento e eles aqui seriam recebidos&#8221;, disse em entrevista \u00e0 imprensa no<em> hall <\/em>de entrada da entidade.<\/p>\n<p>Al\u00e9m de Ra\u00ed, a manifesta\u00e7\u00e3o #OcupaCBF teve a presen\u00e7a de ex-jogadores como Djalminha, Alex e Afonsinho e o treinador Paulo Autuori. O manifesto assinado por 130 personalidades de diversas \u00e1reas, entre elas os ex-jogadores Pel\u00e9, Tost\u00e3o e Zico, os atores Thiago Lacerda, Bruno Gagliasso e Wagner Moura, o cantor e compositor Chico Buarque, os treinadores Tite, Ricardo Gomes e Roque Junior; o empres\u00e1rio Ab\u00edlio Diniz e a presidenta da Atletas pelo Brasil, a ex-jogadora da v\u00f4lei, Ana Moser.<\/p>\n<p>O documento diz que a CBF passa pela maior crise de sua hist\u00f3ria e que os \u00faltimos tr\u00eas presidentes s\u00e3o r\u00e9us em investiga\u00e7\u00e3o policial internacional por fraude na entidade e na Federa\u00e7\u00e3o Internacional de Futebol (Fifa). &#8220;Jos\u00e9 Maria Marin est\u00e1 preso desde maio, Ricardo Teixeira e Marco Polo Del Nero est\u00e3o indiciados pela Justi\u00e7a dos EUA desde o dia 3 de dezembro. Jos\u00e9 Maria Marin est\u00e1 preso desde maio, Ricardo Teixeira e Marco Polo Del Nero est\u00e3o indiciados pela Justi\u00e7a dos EUA desde o dia 3 de dezembro&#8221;, destaca o manifesto.<\/p>\n<figure class=\"default\">\n<figure style=\"width: 277px\" class=\"wp-caption alignright\"><img decoding=\"async\" loading=\"lazy\" class=\"media-image attr__typeof__foaf:Image img__fid__47136 img__view_mode__default attr__format__default\" src=\"http:\/\/agenciabrasil.ebc.com.br\/sites\/_agenciabrasil2013\/files\/styles\/interna_pequena\/public\/fotos\/990399-20151215_155911_resized.jpg?itok=WqPwR9cv\" alt=\"Rio de Janeiro - Ex-jogadores de futebol fazem manifesta\u00e7\u00e3o na porta da CBF pedindo modifica\u00e7\u00f5es na estrutura da entidade, no sistema de elei\u00e7\u00f5es e a ren\u00fancia da atual diretoria (Cristina Indio do Brasil\/Ag\u00eancia Brasil)\" width=\"277\" height=\"160\" \/><figcaption class=\"wp-caption-text\">Ex-jogadores de futebol fazem manifesta\u00e7\u00e3o na porta da CBF pedindo modifica\u00e7\u00f5es na estrutura da entidade, no sistema de elei\u00e7\u00f5es e a ren\u00fancia da atual diretoriaCristina Indio do Brasil\/Ag\u00eancia Brasil<\/figcaption><\/figure><figcaption><\/figcaption><\/figure>\n<p>O documento pede a ren\u00fancia do presidente licenciado da CBF, Marco Polo Del Nero, e de toda a diretoria para, em seguida, convocar elei\u00e7\u00f5es livres para o comando da entidade sem o impedir o lan\u00e7amento de chapas independentes. Os signat\u00e1rios pediram ainda que a Procuradoria-Geral da Rep\u00fablica, a Pol\u00edcia Federal e a Receita Federal n\u00e3o deixem &#8220;impunes quem corrompeu ou quer continuar a corromper o futebol pentacampe\u00e3o mundial&#8221;.<\/p>\n<p>Walter Feldman disse ainda que a CBF vai analisar o documento e dar\u00e1 a resposta oportunamente. Para ele, em qualquer institui\u00e7\u00e3o deve haver altern\u00e2ncia democr\u00e1tica, conforme pede o manifesto, e destacou que a confedera\u00e7\u00e3o aprovou mudan\u00e7a no estatuto para determinar que um candidato pode concorrer a uma elei\u00e7\u00e3o e a uma reelei\u00e7\u00e3o, impedindo a perman\u00eancia por longo per\u00edodo no cargo, como vinha ocorrendo e assegurar a altern\u00e2ncia na dire\u00e7\u00e3o.<\/p>\n<p>O secret\u00e1rio informou que a CBF conversou v\u00e1rias vezes com integrantes do Bom Senso Futebol Clube e fez convites para reuni\u00f5es com o ex-jogador Ra\u00ed. &#8220;O Ra\u00ed se negou a vir, considerou que n\u00e3o era oportuno. O Ra\u00ed perdeu uma grande oportunidade de dizer o que acha que poderia mudar. Seria recebido como todos que aqui estiveram&#8221;, disse. &#8220;Estamos absolutamente abertos a qualquer express\u00e3o de desejo de aperfei\u00e7oamento como vem sendo feito&#8221;, acrescentou.<\/p>\n<p>De acordo com o ex-jogador Djalminha, as den\u00fancias contra os tr\u00eas \u00faltimos presidentes da CBF prejudicam muito o futebol brasileiro. &#8220;Essas pessoas se t\u00eam culpa ou n\u00e3o j\u00e1 denegriram em muito o futebol brasileiro&#8221;, disse. Para ele, os ex-presidentes da CBF est\u00e3o sendo investigados pelas institui\u00e7\u00f5es e \u00f3rg\u00e3os competentes para isso.<\/p>\n<p>O comentarista e ex-jogador argentino Juan Pablo Sorin, que jogou no Cruzeiro, tamb\u00e9m assinou o documento e estava na manifesta\u00e7\u00e3o. Ele considerou que o documento pode ser seguido por outros pa\u00edses da Am\u00e9rica Latina. &#8220;\u00c9 por isso que tamb\u00e9m estou aqui. Qualquer manifesta\u00e7\u00e3o que tenha a ver com jogadores latino-americanos, que tenha a ver com tentar quebrar o sistema e as estruturas que n\u00e3o deixam chegar a voz dos jogadores, dos treinadores\u00a0 e do povo, tamb\u00e9m eu vou apoiar. Achei muito legal essa iniciativa&#8221;, afirmou, destacando ainda que \u00e9 preciso abrir as confedera\u00e7\u00f5es ap\u00f3s todas as den\u00fancias divulgadas e que envergonhou a todos. &#8221; Tanto aqui no Brasil como em todos os pa\u00edses da Am\u00e9rica do Sul&#8221;, acrescentou.<\/p>\n","protected":false},"excerpt":{"rendered":"<p>O secret\u00e1rio-geral da Confedera\u00e7\u00e3o Brasileira de Futebol (CBF), Walter Feldman, disse hoje (15) que o Brasil lutou muito para que n\u00e3o houvesse ditadura e para que ocorressem manifesta\u00e7\u00f5es livres e espont\u00e2neas nas ruas. A declara\u00e7\u00e3o Feldman, foi para explicar o posicionamento da entidade sobre o manifesto organizado pelo movimento Bom Senso Futebol Clube, que re\u00fane [&hellip;]<\/p>\n","protected":false},"author":1,"featured_media":44391,"comment_status":"open","ping_status":"closed","sticky":false,"template":"","format":"standard","meta":[],"categories":[1],"tags":[],"_links":{"self":[{"href":"http:\/\/blitzconquista.com.br\/index.php?rest_route=\/wp\/v2\/posts\/44390"}],"collection":[{"href":"http:\/\/blitzconquista.com.br\/index.php?rest_route=\/wp\/v2\/posts"}],"about":[{"href":"http:\/\/blitzconquista.com.br\/index.php?rest_route=\/wp\/v2\/types\/post"}],"author":[{"embeddable":true,"href":"http:\/\/blitzconquista.com.br\/index.php?rest_route=\/wp\/v2\/users\/1"}],"replies":[{"embeddable":true,"href":"http:\/\/blitzconquista.com.br\/index.php?rest_route=%2Fwp%2Fv2%2Fcomments&post=44390"}],"version-history":[{"count":0,"href":"http:\/\/blitzconquista.com.br\/index.php?rest_route=\/wp\/v2\/posts\/44390\/revisions"}],"wp:featuredmedia":[{"embeddable":true,"href":"http:\/\/blitzconquista.com.br\/index.php?rest_route=\/wp\/v2\/media\/44391"}],"wp:attachment":[{"href":"http:\/\/blitzconquista.com.br\/index.php?rest_route=%2Fwp%2Fv2%2Fmedia&parent=44390"}],"wp:term":[{"taxonomy":"category","embeddable":true,"href":"http:\/\/blitzconquista.com.br\/index.php?rest_route=%2Fwp%2Fv2%2Fcategories&post=44390"},{"taxonomy":"post_tag","embeddable":true,"href":"http:\/\/blitzconquista.com.br\/index.php?rest_route=%2Fwp%2Fv2%2Ftags&post=44390"}],"curies":[{"name":"wp","href":"https:\/\/api.w.org\/{rel}","templated":true}]}}