{"id":45243,"date":"2016-01-25T22:52:22","date_gmt":"2016-01-26T01:52:22","guid":{"rendered":"http:\/\/blitzconquista.com.br\/?p=45243"},"modified":"2016-01-25T22:52:22","modified_gmt":"2016-01-26T01:52:22","slug":"cbf-proibe-primeira-liga-mas-clubes-mantem-calendario","status":"publish","type":"post","link":"http:\/\/blitzconquista.com.br\/?p=45243","title":{"rendered":"CBF pro\u00edbe Primeira Liga, mas clubes mant\u00eam calend\u00e1rio"},"content":{"rendered":"<p><img decoding=\"async\" loading=\"lazy\" class=\"alignnone size-full wp-image-38965\" src=\"http:\/\/blitzconquista.com.br\/wp-content\/uploads\/2015\/08\/agencia_brasil_logo.png\" alt=\"agencia_brasil_logo\" width=\"150\" height=\"35\" \/><\/p>\n<p>A Confedera\u00e7\u00e3o Brasileira de Futebol (CBF) publicou resolu\u00e7\u00e3o, nesta segunda (25), que veta a cria\u00e7\u00e3o da Primeira Liga, que a entidade identifica como &#8220;Copa Sul-Minas-Rio&#8221;, em 2016. A liga tem in\u00edcio previsto para esta quarta-feira (27). A competi\u00e7\u00e3o re\u00fane clubes de Minas Gerais, Rio de Janeiro, Paran\u00e1, Santa Catarina e Rio Grande do Sul e foi formatada ainda em 2015.<\/p>\n<p>Segundo a CBF, a competi\u00e7\u00e3o enfrenta impedimentos legais e n\u00e3o est\u00e1 prevista no calend\u00e1rio nacional de competi\u00e7\u00f5es para 2016. &#8220;(S\u00e3o) obst\u00e1culos intranspon\u00edveis de ordem t\u00e9cnica e das normas constantes do ordenamento jur\u00eddico desportivo estadual, nacional e internacional, para que a competi\u00e7\u00e3o seja realizada no ano de 2016&#8221;.<\/p>\n<p>A Confedera\u00e7\u00e3o\u00a0argumenta que convocou os clubes envolvidos para realizar a competi\u00e7\u00e3o em 2017 e que n\u00e3o faria oposi\u00e7\u00e3o \u00e0 cria\u00e7\u00e3o da liga. A entidade reafirmou que admite a realiza\u00e7\u00e3o de jogos amistosos at\u00e9 30 de janeiro, dentro do per\u00edodo de pr\u00e9-temporada.<\/p>\n<p>A Primeira Liga divulgou nota informando que os jogos desta quarta (27) e quinta (28) est\u00e3o mantidos\u00a0\u00a0e que &#8220;n\u00e3o existe a necessidade legal de buscar-se pr\u00e9via autoriza\u00e7\u00e3o para a realiza\u00e7\u00e3o dos jogos que est\u00e3o programados at\u00e9 o dia 31 de mar\u00e7o&#8221;. A\u00a0assessoria de imprensa do Cruzeiro informou que o presidente do clube e da Primeira Liga, Gilvan Tavares, ainda n\u00e3o vai se pronunciar sobre o assunto e confirmou\u00a0que a programa\u00e7\u00e3o do clube para o seu jogo de estreia na competi\u00e7\u00e3o est\u00e1 mantida.<\/p>\n<h2>A Primeira Liga<\/h2>\n<p>A ideia surgiu no ano passado, quando os clubes mineiros e dos estados do sul do pa\u00eds buscaram a recria\u00e7\u00e3o da Copa Sul Minas, realizada entre os anos de 2000 e 2002, como forma de viablizar uma competi\u00e7\u00e3o mais rent\u00e1vel do que os estaduais. Descontentes com a federa\u00e7\u00e3o carioca, Flamengo e Fluminense aderiram \u00e0 proposta.<\/p>\n<p>Segundo o regulamento da liga, os clubes foram divididos em tr\u00eas grupos, com os primeiros colocados e mais o melhor segundo fazendo as semifinais. Foram confirmados na competi\u00e7\u00e3o o Flamengo, Fluminense, Atl\u00e9tico Mineiro, Cruzeiro, Am\u00e9rica Mineiro, Internacional, Gr\u00eamio, Atl\u00e9tico Paranaense, Coritiba, Ava\u00ed, Figueirense, Crici\u00fama.<\/p>\n<h2>Confira os jogos da rodada de abertura<\/h2>\n<p>27\/01 &#8211;\u00a0Atl\u00e9tico-MG x Flamengo<br \/>\n27\/01 &#8211;\u00a0Crici\u00fama x Cruzeiro<br \/>\n27\/01 &#8211;\u00a0Fluminense x Atl\u00e9tico-PR<br \/>\n28\/01 &#8211;\u00a0Am\u00e9rica-MG x Figueirense<br \/>\n28\/01 &#8211;\u00a0Ava\u00ed x Gr\u00eamio<br \/>\n28\/01 &#8211;\u00a0Inter x Coritiba<\/p>\n","protected":false},"excerpt":{"rendered":"<p>A Confedera\u00e7\u00e3o Brasileira de Futebol (CBF) publicou resolu\u00e7\u00e3o, nesta segunda (25), que veta a cria\u00e7\u00e3o da Primeira Liga, que a entidade identifica como &#8220;Copa Sul-Minas-Rio&#8221;, em 2016. A liga tem in\u00edcio previsto para esta quarta-feira (27). A competi\u00e7\u00e3o re\u00fane clubes de Minas Gerais, Rio de Janeiro, Paran\u00e1, Santa Catarina e Rio Grande do Sul e [&hellip;]<\/p>\n","protected":false},"author":1,"featured_media":45244,"comment_status":"open","ping_status":"closed","sticky":false,"template":"","format":"standard","meta":[],"categories":[1],"tags":[],"_links":{"self":[{"href":"http:\/\/blitzconquista.com.br\/index.php?rest_route=\/wp\/v2\/posts\/45243"}],"collection":[{"href":"http:\/\/blitzconquista.com.br\/index.php?rest_route=\/wp\/v2\/posts"}],"about":[{"href":"http:\/\/blitzconquista.com.br\/index.php?rest_route=\/wp\/v2\/types\/post"}],"author":[{"embeddable":true,"href":"http:\/\/blitzconquista.com.br\/index.php?rest_route=\/wp\/v2\/users\/1"}],"replies":[{"embeddable":true,"href":"http:\/\/blitzconquista.com.br\/index.php?rest_route=%2Fwp%2Fv2%2Fcomments&post=45243"}],"version-history":[{"count":1,"href":"http:\/\/blitzconquista.com.br\/index.php?rest_route=\/wp\/v2\/posts\/45243\/revisions"}],"predecessor-version":[{"id":45245,"href":"http:\/\/blitzconquista.com.br\/index.php?rest_route=\/wp\/v2\/posts\/45243\/revisions\/45245"}],"wp:featuredmedia":[{"embeddable":true,"href":"http:\/\/blitzconquista.com.br\/index.php?rest_route=\/wp\/v2\/media\/45244"}],"wp:attachment":[{"href":"http:\/\/blitzconquista.com.br\/index.php?rest_route=%2Fwp%2Fv2%2Fmedia&parent=45243"}],"wp:term":[{"taxonomy":"category","embeddable":true,"href":"http:\/\/blitzconquista.com.br\/index.php?rest_route=%2Fwp%2Fv2%2Fcategories&post=45243"},{"taxonomy":"post_tag","embeddable":true,"href":"http:\/\/blitzconquista.com.br\/index.php?rest_route=%2Fwp%2Fv2%2Ftags&post=45243"}],"curies":[{"name":"wp","href":"https:\/\/api.w.org\/{rel}","templated":true}]}}