{"id":46075,"date":"2016-02-23T00:42:37","date_gmt":"2016-02-23T03:42:37","guid":{"rendered":"http:\/\/blitzconquista.com.br\/?p=46075"},"modified":"2016-02-23T00:42:37","modified_gmt":"2016-02-23T03:42:37","slug":"gramado-do-lomantao-esta-quase-pronto","status":"publish","type":"post","link":"http:\/\/blitzconquista.com.br\/?p=46075","title":{"rendered":"Gramado do Lomant\u00e3o est\u00e1 quase pronto"},"content":{"rendered":"<p><img decoding=\"async\" loading=\"lazy\" class=\"  wp-image-46076 aligncenter\" src=\"http:\/\/blitzconquista.com.br\/wp-content\/uploads\/2016\/02\/asdfasdf2.jpg\" alt=\"asdfasdf\" width=\"701\" height=\"394\" srcset=\"http:\/\/blitzconquista.com.br\/wp-content\/uploads\/2016\/02\/asdfasdf2.jpg 900w, http:\/\/blitzconquista.com.br\/wp-content\/uploads\/2016\/02\/asdfasdf2-300x169.jpg 300w, http:\/\/blitzconquista.com.br\/wp-content\/uploads\/2016\/02\/asdfasdf2-695x391.jpg 695w\" sizes=\"(max-width: 701px) 100vw, 701px\" \/><br \/>\n<img decoding=\"async\" loading=\"lazy\" class=\"alignnone size-full wp-image-45481\" src=\"http:\/\/blitzconquista.com.br\/wp-content\/uploads\/2016\/01\/pe_pagina-esportiva.png\" alt=\"pe_pagina esportiva\" width=\"210\" height=\"68\" \/><\/p>\n<p>As imagens mostram que o gramado do Est\u00e1dio Lomanto J\u00fanior est\u00e1 quase pronto. A reinaugura\u00e7\u00e3o estava agendada para o pr\u00f3ximo dia 25, quando o Conquista enfrenta o Flamengo PI, pela Copa do Nordeste.<\/p>\n<p><img decoding=\"async\" loading=\"lazy\" class=\"size-full wp-image-45368 alignnone\" src=\"http:\/\/paginaesportiva.com.br\/wp-content\/uploads\/2016\/02\/dasdfesdsd.jpg\" alt=\"dasdfesdsd\" width=\"900\" height=\"415\" \/><\/p>\n<p>Com receio do gramado ser danificado pela sua fragilidade, por ainda n\u00e3o estar totalmente pronto, a Administra\u00e7\u00e3o Municipal remarcou para o dia 10 de mar\u00e7o a reinaugura\u00e7\u00e3o do Lomant\u00e3o.<\/p>\n","protected":false},"excerpt":{"rendered":"<p>As imagens mostram que o gramado do Est\u00e1dio Lomanto J\u00fanior est\u00e1 quase pronto. A reinaugura\u00e7\u00e3o estava agendada para o pr\u00f3ximo dia 25, quando o Conquista enfrenta o Flamengo PI, pela Copa do Nordeste. Com receio do gramado ser danificado pela sua fragilidade, por ainda n\u00e3o estar totalmente pronto, a Administra\u00e7\u00e3o Municipal remarcou para o dia [&hellip;]<\/p>\n","protected":false},"author":1,"featured_media":46076,"comment_status":"open","ping_status":"closed","sticky":false,"template":"","format":"standard","meta":[],"categories":[1],"tags":[],"_links":{"self":[{"href":"http:\/\/blitzconquista.com.br\/index.php?rest_route=\/wp\/v2\/posts\/46075"}],"collection":[{"href":"http:\/\/blitzconquista.com.br\/index.php?rest_route=\/wp\/v2\/posts"}],"about":[{"href":"http:\/\/blitzconquista.com.br\/index.php?rest_route=\/wp\/v2\/types\/post"}],"author":[{"embeddable":true,"href":"http:\/\/blitzconquista.com.br\/index.php?rest_route=\/wp\/v2\/users\/1"}],"replies":[{"embeddable":true,"href":"http:\/\/blitzconquista.com.br\/index.php?rest_route=%2Fwp%2Fv2%2Fcomments&post=46075"}],"version-history":[{"count":1,"href":"http:\/\/blitzconquista.com.br\/index.php?rest_route=\/wp\/v2\/posts\/46075\/revisions"}],"predecessor-version":[{"id":46078,"href":"http:\/\/blitzconquista.com.br\/index.php?rest_route=\/wp\/v2\/posts\/46075\/revisions\/46078"}],"wp:featuredmedia":[{"embeddable":true,"href":"http:\/\/blitzconquista.com.br\/index.php?rest_route=\/wp\/v2\/media\/46076"}],"wp:attachment":[{"href":"http:\/\/blitzconquista.com.br\/index.php?rest_route=%2Fwp%2Fv2%2Fmedia&parent=46075"}],"wp:term":[{"taxonomy":"category","embeddable":true,"href":"http:\/\/blitzconquista.com.br\/index.php?rest_route=%2Fwp%2Fv2%2Fcategories&post=46075"},{"taxonomy":"post_tag","embeddable":true,"href":"http:\/\/blitzconquista.com.br\/index.php?rest_route=%2Fwp%2Fv2%2Ftags&post=46075"}],"curies":[{"name":"wp","href":"https:\/\/api.w.org\/{rel}","templated":true}]}}