{"id":46260,"date":"2016-02-29T22:10:56","date_gmt":"2016-03-01T01:10:56","guid":{"rendered":"http:\/\/blitzconquista.com.br\/?p=46260"},"modified":"2016-05-12T14:34:12","modified_gmt":"2016-05-12T17:34:12","slug":"guilherme-nao-cogita-sair-do-pt-e-defende-candidatura-de-odir","status":"publish","type":"post","link":"http:\/\/blitzconquista.com.br\/?p=46260","title":{"rendered":"Guilherme n\u00e3o cogita sair do PT e defende candidatura de Odir"},"content":{"rendered":"[quote]\u201cest\u00e3o plantando uma vers\u00e3o segundo a qual o prefeito anunciaria sua sa\u00edda do PT\u201d[\/quote]\n<p>&nbsp;<\/p>\n<p>Parece que a torcida para o prefeito Guilherme Menezes sair do Partido dos Trabalhadores \u00e9 grande. Principalmente para os opositores, que sonham com um enfraquecimento do projeto de Governo iniciado em 1997, e alguns partid\u00e1rios, fi\u00e9is escudeiros dos deputados Waldenor Pereira e Jos\u00e9 Raimundo. Entretanto, Menezes continua no partido e n\u00e3o pensa em desfilia\u00e7\u00e3o.<\/p>\n<p>Nesta ter\u00e7a-feira, 01, uma coletiva de imprensa ser\u00e1 concedida por Guilherme, muitos afirmam que o prefeito anunciar\u00e1 sua sa\u00edda do PT, por\u00e9m, o jornalista organizador da entrevista, Ernesto Marques, afirma que \u201cest\u00e3o plantando uma vers\u00e3o segundo a qual o prefeito anunciaria sua sa\u00edda do PT\u201d. Segundo o jornalista, \u201cTalvez alguns sonhem com isso, mas o prefeito Guilherme Menezes \u00e9 um s\u00edmbolo do PT, \u00e9 homem de partido e sabe da sua import\u00e2ncia sobretudo neste momento do Partido dos Trabalhadores. Ele fez uma escolha pol\u00edtica como maior lideran\u00e7a de Conquista e vai explicar suas raz\u00f5es para defender seu candidato\u201d, diz Ernesto.<\/p>\n<p>Ao que tudo indica, a suposta vers\u00e3o plantada pode sair como um tiro no p\u00e9. Agora os petistas est\u00e3o em \u201cp\u00e9 de guerra\u201d para decidir o pr\u00e9-candidato, mas, depois de tudo, estar\u00e3o juntos nas elei\u00e7\u00f5es defendendo um \u00fanico nome.<\/p>\n","protected":false},"excerpt":{"rendered":"<p>[quote]\u201cest\u00e3o plantando uma vers\u00e3o segundo a qual o prefeito anunciaria sua sa\u00edda do PT\u201d[\/quote] &nbsp; Parece que a torcida para o prefeito Guilherme Menezes sair do Partido dos Trabalhadores \u00e9 grande. Principalmente para os opositores, que sonham com um enfraquecimento do projeto de Governo iniciado em 1997, e alguns partid\u00e1rios, fi\u00e9is escudeiros dos deputados Waldenor [&hellip;]<\/p>\n","protected":false},"author":1,"featured_media":47815,"comment_status":"open","ping_status":"closed","sticky":false,"template":"","format":"standard","meta":[],"categories":[212,5],"tags":[],"_links":{"self":[{"href":"http:\/\/blitzconquista.com.br\/index.php?rest_route=\/wp\/v2\/posts\/46260"}],"collection":[{"href":"http:\/\/blitzconquista.com.br\/index.php?rest_route=\/wp\/v2\/posts"}],"about":[{"href":"http:\/\/blitzconquista.com.br\/index.php?rest_route=\/wp\/v2\/types\/post"}],"author":[{"embeddable":true,"href":"http:\/\/blitzconquista.com.br\/index.php?rest_route=\/wp\/v2\/users\/1"}],"replies":[{"embeddable":true,"href":"http:\/\/blitzconquista.com.br\/index.php?rest_route=%2Fwp%2Fv2%2Fcomments&post=46260"}],"version-history":[{"count":4,"href":"http:\/\/blitzconquista.com.br\/index.php?rest_route=\/wp\/v2\/posts\/46260\/revisions"}],"predecessor-version":[{"id":47816,"href":"http:\/\/blitzconquista.com.br\/index.php?rest_route=\/wp\/v2\/posts\/46260\/revisions\/47816"}],"wp:featuredmedia":[{"embeddable":true,"href":"http:\/\/blitzconquista.com.br\/index.php?rest_route=\/wp\/v2\/media\/47815"}],"wp:attachment":[{"href":"http:\/\/blitzconquista.com.br\/index.php?rest_route=%2Fwp%2Fv2%2Fmedia&parent=46260"}],"wp:term":[{"taxonomy":"category","embeddable":true,"href":"http:\/\/blitzconquista.com.br\/index.php?rest_route=%2Fwp%2Fv2%2Fcategories&post=46260"},{"taxonomy":"post_tag","embeddable":true,"href":"http:\/\/blitzconquista.com.br\/index.php?rest_route=%2Fwp%2Fv2%2Ftags&post=46260"}],"curies":[{"name":"wp","href":"https:\/\/api.w.org\/{rel}","templated":true}]}}