{"id":47183,"date":"2016-03-13T21:31:52","date_gmt":"2016-03-14T00:31:52","guid":{"rendered":"http:\/\/blitzconquista.com.br\/?p=46610"},"modified":"2016-05-12T15:10:47","modified_gmt":"2016-05-12T18:10:47","slug":"movimento-contra-dilma-e-o-pt-reune-cerca-de-1-500-pessoas-em-conquista","status":"publish","type":"post","link":"http:\/\/blitzconquista.com.br\/?p=47183","title":{"rendered":"Movimento contra Dilma e o PT re\u00fane cerca de 1.500 pessoas em Conquista"},"content":{"rendered":"<div id=\"container\" class=\"container\">\n<div id=\"inuit-content\" class=\"content content_left\">\n<div id=\"post-7824\" class=\"single-post post-7824 post type-post status-publish format-standard hentry category-brasil category-politica category-politica-conquistense-2 category-politica-nacional category-vitoria-da-conquista tag-dilma-rousseff tag-pixuleco tag-protesto-contra-a-corrupcao tag-protesto-contra-dilma tag-protesto-contra-lula tag-protesto-contra-o-pt tag-protesto-em-conquista tag-vem-pra-rua\">Segundo a Pol\u00edcia Militar, 1.200 pessoas ocuparam a pra\u00e7a da Escola Normal neste domingo para protestar contra o PT e a presidente Dilma Rousseff. Para a organiza\u00e7\u00e3o do Movimento Vem Pra Rua foram dois mil participantes. Pela experi\u00eancia do BLOG, cerca de 1.500 estavam concentrados em frente da Normal.<\/p>\n<div class=\"entry\">\n<p>A concentra\u00e7\u00e3o come\u00e7ou por volta das 9 horas. Duas horas e meia depois, gritando palavras de ordem, cantando can\u00e7\u00f5es feitas para o evento e pedindo a pris\u00e3o do ex-presidente Lula, homens, mulheres e crian\u00e7as segurando bandeiras do Brasil e com as caras pintadas de verde e amarelo sairam para uma curta passeata.<\/p>\n<p>Na Pra\u00e7a do Gil, o trio el\u00e9trico que liderava o cortejo fez uma parada e os manifestantes cantaram o Hino Nacional Brasileiro e realizaram uma coreografia, agachando-se e levantando para fotografias e filmagens.<\/p>\n<p>N\u00e3o foram registrados incidentes, especialmente porque, atendendo a pedido da presidente Dilma, a milit\u00e2ncia petista manteve-se distante do protesto.<\/p>\n<p>Dois pr\u00e9-candidatos participaram do ato, Arlindo Rebou\u00e7as (PSDB) e Marcelo Melo (DEM). Herzem Gusm\u00e3o (PMDB) foi a aus\u00eancia sentida. N\u00e3o houve discursos, mas foram ouvidos muitos fogos. O ato na Pra\u00e7a da Normal foi encerrado \u00e0s 12h30, quando alguns carros seuiram em uma pequena carreata pela Avenida Ol\u00edvia Flores.<\/p>\n<p><em>*Por blogdegiorlandolima<\/em><\/p>\n<p><img decoding=\"async\" class=\" size-full wp-image-7858 aligncenter\" src=\"https:\/\/blogdegiorlandolima.files.wordpress.com\/2016\/03\/20160313_110826.jpg?w=594\" alt=\"20160313_110826\" \/><\/p>\n<p><img decoding=\"async\" class=\" size-full wp-image-7899 aligncenter\" src=\"https:\/\/blogdegiorlandolima.files.wordpress.com\/2016\/03\/img-20160313-wa0001.jpg?w=594\" alt=\"IMG-20160313-WA0001\" \/><\/p>\n<p><img decoding=\"async\" class=\" size-full wp-image-7862 aligncenter\" src=\"https:\/\/blogdegiorlandolima.files.wordpress.com\/2016\/03\/20160313_111504.jpg?w=594\" alt=\"20160313_111504\" \/><\/p>\n<p><img decoding=\"async\" class=\" size-full wp-image-7849 aligncenter\" src=\"https:\/\/blogdegiorlandolima.files.wordpress.com\/2016\/03\/20160313_110535.jpg?w=594\" alt=\"20160313_110535\" \/><\/p>\n<p><img decoding=\"async\" class=\" size-full wp-image-7887 aligncenter\" src=\"https:\/\/blogdegiorlandolima.files.wordpress.com\/2016\/03\/20160313_111346.jpg?w=594\" alt=\"20160313_111346\" \/><\/p>\n<p><img decoding=\"async\" class=\" size-large wp-image-7890 aligncenter\" src=\"https:\/\/blogdegiorlandolima.files.wordpress.com\/2016\/03\/20160313_111546.jpg?w=594&amp;h=446\" alt=\"20160313_111546\" \/><\/p>\n<p><img decoding=\"async\" class=\" size-full wp-image-7893 aligncenter\" src=\"https:\/\/blogdegiorlandolima.files.wordpress.com\/2016\/03\/20160313_112324.jpg?w=594\" alt=\"20160313_112324\" \/><\/p>\n<p><img decoding=\"async\" class=\" size-full wp-image-7892 aligncenter\" src=\"https:\/\/blogdegiorlandolima.files.wordpress.com\/2016\/03\/20160313_1114411.jpg?w=594\" alt=\"20160313_111441\" \/><\/p>\n<p><img decoding=\"async\" class=\" size-full wp-image-7894 aligncenter\" src=\"https:\/\/blogdegiorlandolima.files.wordpress.com\/2016\/03\/20160313_114129.jpg?w=594\" alt=\"20160313_114129\" \/><\/p>\n<p><img decoding=\"async\" class=\" size-full wp-image-7896 aligncenter\" src=\"https:\/\/blogdegiorlandolima.files.wordpress.com\/2016\/03\/20160313_114303.jpg?w=594\" alt=\"20160313_114303\" \/><\/p>\n<p><img decoding=\"async\" class=\" size-full wp-image-7895 aligncenter\" src=\"https:\/\/blogdegiorlandolima.files.wordpress.com\/2016\/03\/20160313_114850.jpg?w=594\" alt=\"20160313_114850\" \/><\/p>\n<p><img decoding=\"async\" class=\" size-full wp-image-7897 aligncenter\" src=\"https:\/\/blogdegiorlandolima.files.wordpress.com\/2016\/03\/20160313_114946.jpg?w=594\" alt=\"20160313_114946\" \/><\/p>\n<p><img decoding=\"async\" class=\" size-large wp-image-7852 aligncenter\" src=\"https:\/\/blogdegiorlandolima.files.wordpress.com\/2016\/03\/20160313_114543.jpg?w=594&amp;h=792\" alt=\"20160313_114543\" \/><\/p>\n<\/div>\n<\/div>\n<\/div>\n<\/div>\n","protected":false},"excerpt":{"rendered":"<p>Segundo a Pol\u00edcia Militar, 1.200 pessoas ocuparam a pra\u00e7a da Escola Normal neste domingo para protestar contra o PT e a presidente Dilma Rousseff. Para a organiza\u00e7\u00e3o do Movimento Vem Pra Rua foram dois mil participantes. Pela experi\u00eancia do BLOG, cerca de 1.500 estavam concentrados em frente da Normal. A concentra\u00e7\u00e3o come\u00e7ou por volta das [&hellip;]<\/p>\n","protected":false},"author":1,"featured_media":0,"comment_status":"open","ping_status":"closed","sticky":false,"template":"","format":"standard","meta":[],"categories":[212,5],"tags":[],"_links":{"self":[{"href":"http:\/\/blitzconquista.com.br\/index.php?rest_route=\/wp\/v2\/posts\/47183"}],"collection":[{"href":"http:\/\/blitzconquista.com.br\/index.php?rest_route=\/wp\/v2\/posts"}],"about":[{"href":"http:\/\/blitzconquista.com.br\/index.php?rest_route=\/wp\/v2\/types\/post"}],"author":[{"embeddable":true,"href":"http:\/\/blitzconquista.com.br\/index.php?rest_route=\/wp\/v2\/users\/1"}],"replies":[{"embeddable":true,"href":"http:\/\/blitzconquista.com.br\/index.php?rest_route=%2Fwp%2Fv2%2Fcomments&post=47183"}],"version-history":[{"count":1,"href":"http:\/\/blitzconquista.com.br\/index.php?rest_route=\/wp\/v2\/posts\/47183\/revisions"}],"predecessor-version":[{"id":47833,"href":"http:\/\/blitzconquista.com.br\/index.php?rest_route=\/wp\/v2\/posts\/47183\/revisions\/47833"}],"wp:attachment":[{"href":"http:\/\/blitzconquista.com.br\/index.php?rest_route=%2Fwp%2Fv2%2Fmedia&parent=47183"}],"wp:term":[{"taxonomy":"category","embeddable":true,"href":"http:\/\/blitzconquista.com.br\/index.php?rest_route=%2Fwp%2Fv2%2Fcategories&post=47183"},{"taxonomy":"post_tag","embeddable":true,"href":"http:\/\/blitzconquista.com.br\/index.php?rest_route=%2Fwp%2Fv2%2Ftags&post=47183"}],"curies":[{"name":"wp","href":"https:\/\/api.w.org\/{rel}","templated":true}]}}