{"id":68648,"date":"2018-02-09T01:49:13","date_gmt":"2018-02-09T04:49:13","guid":{"rendered":"http:\/\/blitzconquista.com.br\/?p=68648"},"modified":"2018-02-09T01:51:05","modified_gmt":"2018-02-09T04:51:05","slug":"voce-e-daltonico-pergunta-radialista-ao-lider-do-governo-que-criticou-protestos-contra-herzem","status":"publish","type":"post","link":"http:\/\/blitzconquista.com.br\/?p=68648","title":{"rendered":"Voc\u00ea \u00e9 dalt\u00f4nico? Pergunta radialista ao l\u00edder do Governo que criticou protestos contra Herzem"},"content":{"rendered":"<!--[if lt IE 9]><script>document.createElement('audio');<\/script><![endif]-->\n<audio class=\"wp-audio-shortcode\" id=\"audio-68648-1\" preload=\"none\" style=\"width: 100%;\" controls=\"controls\"><source type=\"audio\/mpeg\" src=\"http:\/\/blitzconquista.com.br\/wp-content\/uploads\/2018\/02\/EDITORIAL-ELTON-DUD\u00c9-CORES-2018-02-08-at-19.03.23.mp3?_=1\" \/><a href=\"http:\/\/blitzconquista.com.br\/wp-content\/uploads\/2018\/02\/EDITORIAL-ELTON-DUD\u00c9-CORES-2018-02-08-at-19.03.23.mp3\">http:\/\/blitzconquista.com.br\/wp-content\/uploads\/2018\/02\/EDITORIAL-ELTON-DUD\u00c9-CORES-2018-02-08-at-19.03.23.mp3<\/a><\/audio>\n<p>Aparentemente o Governo de Herzem Gusm\u00e3o Pereira continua tendo dificuldades para acertar o passo. Nem mesmo seus vereadores da base o defendendo \u201ccaninamente\u201d, tem conseguido amenizar os efeitos dos arranh\u00f5es sofridos pelo Governo Municipal.<\/p>\n<p>O cen\u00e1rio pol\u00edtico conquistense tem sido amplamente repercutido na imprensa e nas redes sociais. Entretanto, o editorial do jornalista e professor universit\u00e1rio Elton Becker, que fala sobre o pronunciamento inflamado do vereador Luiz Carlos defendendo Pereira, feito na \u00faltima quarta-feira (07), tornou-se um dos assuntos mais comentados nas rodas de conversas pol\u00edticas dessa quinta-feira (08). Algumas pessoas, os mais pr\u00f3ximos do Governo de pereira consideram que o jornalista jogou pesado, por\u00e9m pouqu\u00edssimas pessoas discordaram das cr\u00edticas.<\/p>\n<p>O editorial foi motivado pela fala de Dud\u00e9, o qual atribuiu os protestos e vaias a \u201corquestra vermelha\u201d.<\/p>\n<blockquote><p><span style=\"color: #ff0000;\"><strong><em>\u201cO senhor ficou chateado com as vaias, foi isso? Mas a vaia \u00e9 o aplauso dos descontentes&#8230;\u201d<\/em><\/strong><\/span><\/p><\/blockquote>\n<p>&#8220;Ser\u00e1 que o senhor \u00e9 dalt\u00f4nico?&#8221; Pregunta o radialista, que lembrou a caracter\u00edstica camale\u00f4nica do l\u00edder do Governo, que j\u00e1 defendeu v\u00e1rias cores, v\u00e1rios partidos. Dud\u00e9 chegou a caminhar com a gest\u00e3o do PT at\u00e9 2016.<\/p>\n<blockquote><p><span style=\"color: #ff0000;\"><em><strong>\u201cE de cores o senhor deveria entender muito bem, porque j\u00e1 defendeu v\u00e1rias cores partid\u00e1rias. J\u00e1 esteve em v\u00e1rios lados&#8230;\u201d<\/strong><\/em><\/span><\/p><\/blockquote>\n<p>Elton Becker lembrou que um dos manifestantes era o diretor do Sinserv, Jos\u00e9 Marcos, o qual foi candidato a vereador pelo PPS, partido da base aliada do Prefeito. O jornalista ainda considerou f\u00e1cil para Dud\u00e9 desqualificar o protesto de gente simples, que chega a receber pouco mais de R$ 900. Gente que n\u00e3o recebeu o adicional de f\u00e9rias, nem as horas extras trabalhadas, pois ele (Dud\u00e9) tem um sal\u00e1rio de R$ 12.025,40 e em dezembro recebeu o adicional de f\u00e9rias e 13\u00ba sal\u00e1rio, que ele mesmo aprovou na C\u00e2mara. Assim como Dud\u00e9, todos os vereadores receberam os benef\u00edcios, bem como o prefeito, que aumentou o seu sal\u00e1rio para mais de R$ 19 mil; a vice-prefeita mais de R$ 12 mil; e todos os secret\u00e1rios com proventos de quase R$ 11 mil.<\/p>\n<p>As cr\u00edticas de Elton Becker s\u00e3o produtos inevit\u00e1veis do s\u00e1bio ditado popular: \u201cquem diz o que quer, ouve o que n\u00e3o quer\u201d. \u00a0A opini\u00e3o do jornalismo deixa claro que o l\u00edder do governo, Luiz Carlos (Dud\u00e9), \u00e9 a mais clara representa\u00e7\u00e3o do tradicional pol\u00edtico brasileiro.<\/p>\n","protected":false},"excerpt":{"rendered":"<p>Aparentemente o Governo de Herzem Gusm\u00e3o Pereira continua tendo dificuldades para acertar o passo. Nem mesmo seus vereadores da base o defendendo \u201ccaninamente\u201d, tem conseguido amenizar os efeitos dos arranh\u00f5es sofridos pelo Governo Municipal. O cen\u00e1rio pol\u00edtico conquistense tem sido amplamente repercutido na imprensa e nas redes sociais. Entretanto, o editorial do jornalista e professor [&hellip;]<\/p>\n","protected":false},"author":1,"featured_media":68649,"comment_status":"closed","ping_status":"closed","sticky":false,"template":"","format":"standard","meta":[],"categories":[212,5],"tags":[],"_links":{"self":[{"href":"http:\/\/blitzconquista.com.br\/index.php?rest_route=\/wp\/v2\/posts\/68648"}],"collection":[{"href":"http:\/\/blitzconquista.com.br\/index.php?rest_route=\/wp\/v2\/posts"}],"about":[{"href":"http:\/\/blitzconquista.com.br\/index.php?rest_route=\/wp\/v2\/types\/post"}],"author":[{"embeddable":true,"href":"http:\/\/blitzconquista.com.br\/index.php?rest_route=\/wp\/v2\/users\/1"}],"replies":[{"embeddable":true,"href":"http:\/\/blitzconquista.com.br\/index.php?rest_route=%2Fwp%2Fv2%2Fcomments&post=68648"}],"version-history":[{"count":2,"href":"http:\/\/blitzconquista.com.br\/index.php?rest_route=\/wp\/v2\/posts\/68648\/revisions"}],"predecessor-version":[{"id":68652,"href":"http:\/\/blitzconquista.com.br\/index.php?rest_route=\/wp\/v2\/posts\/68648\/revisions\/68652"}],"wp:featuredmedia":[{"embeddable":true,"href":"http:\/\/blitzconquista.com.br\/index.php?rest_route=\/wp\/v2\/media\/68649"}],"wp:attachment":[{"href":"http:\/\/blitzconquista.com.br\/index.php?rest_route=%2Fwp%2Fv2%2Fmedia&parent=68648"}],"wp:term":[{"taxonomy":"category","embeddable":true,"href":"http:\/\/blitzconquista.com.br\/index.php?rest_route=%2Fwp%2Fv2%2Fcategories&post=68648"},{"taxonomy":"post_tag","embeddable":true,"href":"http:\/\/blitzconquista.com.br\/index.php?rest_route=%2Fwp%2Fv2%2Ftags&post=68648"}],"curies":[{"name":"wp","href":"https:\/\/api.w.org\/{rel}","templated":true}]}}