{"id":73520,"date":"2018-07-25T15:06:40","date_gmt":"2018-07-25T18:06:40","guid":{"rendered":"http:\/\/blitzconquista.com.br\/?p=73520"},"modified":"2018-07-25T15:06:40","modified_gmt":"2018-07-25T18:06:40","slug":"contra-o-governo-municipal-professores-prometem-parar-o-centro","status":"publish","type":"post","link":"http:\/\/blitzconquista.com.br\/?p=73520","title":{"rendered":"Contra o Governo Municipal: Professores prometem parar o Centro"},"content":{"rendered":"<p><strong>Movimento ter\u00e1 apoio de sindicatos, movimentos sociais e taxistas.<\/strong><\/p>\n<p>Est\u00e1 marcado para \u00e0s 16h30 de hoje, uma grande concentra\u00e7\u00e3o dos professores municipais, que est\u00e3o em greve.<\/p>\n<p><img decoding=\"async\" loading=\"lazy\" class=\"aligncenter size-full wp-image-73521\" src=\"http:\/\/blitzconquista.com.br\/wp-content\/uploads\/2018\/07\/802454ff-bbfb-4c84-87af-fef3126ecd99.jpg\" alt=\"\" width=\"1280\" height=\"960\" srcset=\"http:\/\/blitzconquista.com.br\/wp-content\/uploads\/2018\/07\/802454ff-bbfb-4c84-87af-fef3126ecd99.jpg 1280w, http:\/\/blitzconquista.com.br\/wp-content\/uploads\/2018\/07\/802454ff-bbfb-4c84-87af-fef3126ecd99-300x225.jpg 300w, http:\/\/blitzconquista.com.br\/wp-content\/uploads\/2018\/07\/802454ff-bbfb-4c84-87af-fef3126ecd99-768x576.jpg 768w, http:\/\/blitzconquista.com.br\/wp-content\/uploads\/2018\/07\/802454ff-bbfb-4c84-87af-fef3126ecd99-695x521.jpg 695w, http:\/\/blitzconquista.com.br\/wp-content\/uploads\/2018\/07\/802454ff-bbfb-4c84-87af-fef3126ecd99-74x55.jpg 74w, http:\/\/blitzconquista.com.br\/wp-content\/uploads\/2018\/07\/802454ff-bbfb-4c84-87af-fef3126ecd99-111x83.jpg 111w, http:\/\/blitzconquista.com.br\/wp-content\/uploads\/2018\/07\/802454ff-bbfb-4c84-87af-fef3126ecd99-215x161.jpg 215w, http:\/\/blitzconquista.com.br\/wp-content\/uploads\/2018\/07\/802454ff-bbfb-4c84-87af-fef3126ecd99-990x743.jpg 990w\" sizes=\"(max-width: 1280px) 100vw, 1280px\" \/><\/p>\n<p>O movimento deve contar com apoio de sindicatos, movimentos sociais e taxistas, informou representantes dos professores.<\/p>\n<p>Al\u00e9m das reivindica\u00e7\u00f5es salariais, a categoria ir\u00e1 cobrar solu\u00e7\u00e3o ao caos existente no transporte coletivo.<\/p>\n<p><img decoding=\"async\" loading=\"lazy\" class=\"aligncenter size-full wp-image-73522\" src=\"http:\/\/blitzconquista.com.br\/wp-content\/uploads\/2018\/07\/02479c75-85aa-43a0-ad82-030981f5e1f7.jpg\" alt=\"\" width=\"1280\" height=\"960\" srcset=\"http:\/\/blitzconquista.com.br\/wp-content\/uploads\/2018\/07\/02479c75-85aa-43a0-ad82-030981f5e1f7.jpg 1280w, http:\/\/blitzconquista.com.br\/wp-content\/uploads\/2018\/07\/02479c75-85aa-43a0-ad82-030981f5e1f7-300x225.jpg 300w, http:\/\/blitzconquista.com.br\/wp-content\/uploads\/2018\/07\/02479c75-85aa-43a0-ad82-030981f5e1f7-768x576.jpg 768w, http:\/\/blitzconquista.com.br\/wp-content\/uploads\/2018\/07\/02479c75-85aa-43a0-ad82-030981f5e1f7-695x521.jpg 695w, http:\/\/blitzconquista.com.br\/wp-content\/uploads\/2018\/07\/02479c75-85aa-43a0-ad82-030981f5e1f7-74x55.jpg 74w, http:\/\/blitzconquista.com.br\/wp-content\/uploads\/2018\/07\/02479c75-85aa-43a0-ad82-030981f5e1f7-111x83.jpg 111w, http:\/\/blitzconquista.com.br\/wp-content\/uploads\/2018\/07\/02479c75-85aa-43a0-ad82-030981f5e1f7-215x161.jpg 215w, http:\/\/blitzconquista.com.br\/wp-content\/uploads\/2018\/07\/02479c75-85aa-43a0-ad82-030981f5e1f7-990x743.jpg 990w\" sizes=\"(max-width: 1280px) 100vw, 1280px\" \/><\/p>\n<p>Desde o in\u00edcio da tarde a categoria est\u00e1 em assembleia na C\u00e2mara Municipal, de onde sair\u00e3o em caminhada at\u00e9 o terminal da Av. Lauro de Freitas.<\/p>\n","protected":false},"excerpt":{"rendered":"<p>Movimento ter\u00e1 apoio de sindicatos, movimentos sociais e taxistas. Est\u00e1 marcado para \u00e0s 16h30 de hoje, uma grande concentra\u00e7\u00e3o dos professores municipais, que est\u00e3o em greve. O movimento deve contar com apoio de sindicatos, movimentos sociais e taxistas, informou representantes dos professores. Al\u00e9m das reivindica\u00e7\u00f5es salariais, a categoria ir\u00e1 cobrar solu\u00e7\u00e3o ao caos existente no [&hellip;]<\/p>\n","protected":false},"author":1,"featured_media":73521,"comment_status":"closed","ping_status":"closed","sticky":false,"template":"","format":"standard","meta":[],"categories":[4],"tags":[],"_links":{"self":[{"href":"http:\/\/blitzconquista.com.br\/index.php?rest_route=\/wp\/v2\/posts\/73520"}],"collection":[{"href":"http:\/\/blitzconquista.com.br\/index.php?rest_route=\/wp\/v2\/posts"}],"about":[{"href":"http:\/\/blitzconquista.com.br\/index.php?rest_route=\/wp\/v2\/types\/post"}],"author":[{"embeddable":true,"href":"http:\/\/blitzconquista.com.br\/index.php?rest_route=\/wp\/v2\/users\/1"}],"replies":[{"embeddable":true,"href":"http:\/\/blitzconquista.com.br\/index.php?rest_route=%2Fwp%2Fv2%2Fcomments&post=73520"}],"version-history":[{"count":1,"href":"http:\/\/blitzconquista.com.br\/index.php?rest_route=\/wp\/v2\/posts\/73520\/revisions"}],"predecessor-version":[{"id":73523,"href":"http:\/\/blitzconquista.com.br\/index.php?rest_route=\/wp\/v2\/posts\/73520\/revisions\/73523"}],"wp:featuredmedia":[{"embeddable":true,"href":"http:\/\/blitzconquista.com.br\/index.php?rest_route=\/wp\/v2\/media\/73521"}],"wp:attachment":[{"href":"http:\/\/blitzconquista.com.br\/index.php?rest_route=%2Fwp%2Fv2%2Fmedia&parent=73520"}],"wp:term":[{"taxonomy":"category","embeddable":true,"href":"http:\/\/blitzconquista.com.br\/index.php?rest_route=%2Fwp%2Fv2%2Fcategories&post=73520"},{"taxonomy":"post_tag","embeddable":true,"href":"http:\/\/blitzconquista.com.br\/index.php?rest_route=%2Fwp%2Fv2%2Ftags&post=73520"}],"curies":[{"name":"wp","href":"https:\/\/api.w.org\/{rel}","templated":true}]}}