{"id":74334,"date":"2018-08-17T01:57:14","date_gmt":"2018-08-17T04:57:14","guid":{"rendered":"http:\/\/blitzconquista.com.br\/?p=74334"},"modified":"2018-08-17T01:57:14","modified_gmt":"2018-08-17T04:57:14","slug":"o-governador-tem-que-acordar-e-deixar-de-ter-tanta-paixao-por-mim-diz-neto","status":"publish","type":"post","link":"http:\/\/blitzconquista.com.br\/?p=74334","title":{"rendered":"&#8220;O governador tem que acordar e deixar de ter tanta paix\u00e3o por mim&#8221;, diz Neto"},"content":{"rendered":"<p><img decoding=\"async\" loading=\"lazy\" class=\"aligncenter size-full wp-image-74335\" src=\"http:\/\/blitzconquista.com.br\/wp-content\/uploads\/2018\/08\/neto-1.jpg\" alt=\"\" width=\"1024\" height=\"682\" srcset=\"http:\/\/blitzconquista.com.br\/wp-content\/uploads\/2018\/08\/neto-1.jpg 1024w, http:\/\/blitzconquista.com.br\/wp-content\/uploads\/2018\/08\/neto-1-300x200.jpg 300w, http:\/\/blitzconquista.com.br\/wp-content\/uploads\/2018\/08\/neto-1-768x512.jpg 768w, http:\/\/blitzconquista.com.br\/wp-content\/uploads\/2018\/08\/neto-1-695x463.jpg 695w, http:\/\/blitzconquista.com.br\/wp-content\/uploads\/2018\/08\/neto-1-414x276.jpg 414w, http:\/\/blitzconquista.com.br\/wp-content\/uploads\/2018\/08\/neto-1-470x313.jpg 470w, http:\/\/blitzconquista.com.br\/wp-content\/uploads\/2018\/08\/neto-1-640x426.jpg 640w, http:\/\/blitzconquista.com.br\/wp-content\/uploads\/2018\/08\/neto-1-130x86.jpg 130w, http:\/\/blitzconquista.com.br\/wp-content\/uploads\/2018\/08\/neto-1-187x124.jpg 187w, http:\/\/blitzconquista.com.br\/wp-content\/uploads\/2018\/08\/neto-1-990x659.jpg 990w\" sizes=\"(max-width: 1024px) 100vw, 1024px\" \/><\/p>\n<p>O prefeito ACM Neto (DEM) respondeu aos ataques do governador Rui Costa (PT) durante o debate da TV Bandeirantes, realizado na noite desta quinta-feira (16), no bairro da Federa\u00e7\u00e3o, em Salvador.<\/p>\n<p>Em um embate com Z\u00e9 Ronaldo (DEM),\u00a0Rui disparou que toca um &#8220;governo que n\u00e3o bota fuzil no rosto de professor como o seu governo faz&#8221;.\u00a0A cr\u00edtica foi em refer\u00eancia \u00e0 a\u00e7\u00e3o da Guarda Municipal contra professores da rede municipal de Salvador que realizavam protestos durante a greve que durou cerca de um m\u00eas.<\/p>\n<p>Indagado pelo reportes do\u00a0BNews\u00a0sobre a agulhada, Neto, respondeu. &#8220;Aquilo n\u00e3o era um fuzil. O governador tem que acordar e deixar de ter tanta paix\u00e3o por mim, uma obsess\u00e3o&#8221;, ironizou.<\/p>\n<p>&#8220;Eu imaginei que quando eu decidisse n\u00e3o ser candidato essa coisa do Rui Costa comigo ia parar, mas n\u00e3o para, \u00e9 uma coisa assim inacredit\u00e1vel&#8221;, finalizou.<\/p>\n<p>*Fonte: <a href=\"https:\/\/www.bocaonews.com.br\/noticias\/politica\/eleicoes-2018\/213796,o-governador-tem-que-acordar-e-deixar-de-ter-tanta-paixao-por-mim-diz-neto.html\">Boc\u00e3o News<\/a><\/p>\n","protected":false},"excerpt":{"rendered":"<p>O prefeito ACM Neto (DEM) respondeu aos ataques do governador Rui Costa (PT) durante o debate da TV Bandeirantes, realizado na noite desta quinta-feira (16), no bairro da Federa\u00e7\u00e3o, em Salvador. Em um embate com Z\u00e9 Ronaldo (DEM),\u00a0Rui disparou que toca um &#8220;governo que n\u00e3o bota fuzil no rosto de professor como o seu governo [&hellip;]<\/p>\n","protected":false},"author":1,"featured_media":74335,"comment_status":"closed","ping_status":"closed","sticky":false,"template":"","format":"standard","meta":[],"categories":[5],"tags":[],"_links":{"self":[{"href":"http:\/\/blitzconquista.com.br\/index.php?rest_route=\/wp\/v2\/posts\/74334"}],"collection":[{"href":"http:\/\/blitzconquista.com.br\/index.php?rest_route=\/wp\/v2\/posts"}],"about":[{"href":"http:\/\/blitzconquista.com.br\/index.php?rest_route=\/wp\/v2\/types\/post"}],"author":[{"embeddable":true,"href":"http:\/\/blitzconquista.com.br\/index.php?rest_route=\/wp\/v2\/users\/1"}],"replies":[{"embeddable":true,"href":"http:\/\/blitzconquista.com.br\/index.php?rest_route=%2Fwp%2Fv2%2Fcomments&post=74334"}],"version-history":[{"count":1,"href":"http:\/\/blitzconquista.com.br\/index.php?rest_route=\/wp\/v2\/posts\/74334\/revisions"}],"predecessor-version":[{"id":74336,"href":"http:\/\/blitzconquista.com.br\/index.php?rest_route=\/wp\/v2\/posts\/74334\/revisions\/74336"}],"wp:featuredmedia":[{"embeddable":true,"href":"http:\/\/blitzconquista.com.br\/index.php?rest_route=\/wp\/v2\/media\/74335"}],"wp:attachment":[{"href":"http:\/\/blitzconquista.com.br\/index.php?rest_route=%2Fwp%2Fv2%2Fmedia&parent=74334"}],"wp:term":[{"taxonomy":"category","embeddable":true,"href":"http:\/\/blitzconquista.com.br\/index.php?rest_route=%2Fwp%2Fv2%2Fcategories&post=74334"},{"taxonomy":"post_tag","embeddable":true,"href":"http:\/\/blitzconquista.com.br\/index.php?rest_route=%2Fwp%2Fv2%2Ftags&post=74334"}],"curies":[{"name":"wp","href":"https:\/\/api.w.org\/{rel}","templated":true}]}}