{"id":74384,"date":"2018-08-18T18:09:00","date_gmt":"2018-08-18T21:09:00","guid":{"rendered":"http:\/\/blitzconquista.com.br\/?p=74384"},"modified":"2018-08-18T19:10:55","modified_gmt":"2018-08-18T22:10:55","slug":"deputado-fabricio-reune-apoiadores-e-liderancas-conquistenses","status":"publish","type":"post","link":"http:\/\/blitzconquista.com.br\/?p=74384","title":{"rendered":"Deputado Fabr\u00edcio re\u00fane apoiadores e lideran\u00e7as conquistenses"},"content":{"rendered":"<p style=\"font-weight: 400;\">Candidato \u00e0 reelei\u00e7\u00e3o, o deputado estadual Fabr\u00edcio Falc\u00e3o (PCdoB) reuniu na noite desta sexta-feira, 17, apoiadores de Vit\u00f3ria da Conquista para ouvir propostas , debater estrat\u00e9gias e a mobiliza\u00e7\u00e3o das lideran\u00e7as nas diversas localidades da zona urbana e rural do munic\u00edpio.<\/p>\n<p><img decoding=\"async\" loading=\"lazy\" class=\"aligncenter size-full wp-image-74385\" src=\"http:\/\/blitzconquista.com.br\/wp-content\/uploads\/2018\/08\/content_id.jpg\" alt=\"\" width=\"4032\" height=\"3024\" srcset=\"http:\/\/blitzconquista.com.br\/wp-content\/uploads\/2018\/08\/content_id.jpg 4032w, http:\/\/blitzconquista.com.br\/wp-content\/uploads\/2018\/08\/content_id-300x225.jpg 300w, http:\/\/blitzconquista.com.br\/wp-content\/uploads\/2018\/08\/content_id-768x576.jpg 768w, http:\/\/blitzconquista.com.br\/wp-content\/uploads\/2018\/08\/content_id-695x521.jpg 695w, http:\/\/blitzconquista.com.br\/wp-content\/uploads\/2018\/08\/content_id-74x55.jpg 74w, http:\/\/blitzconquista.com.br\/wp-content\/uploads\/2018\/08\/content_id-111x83.jpg 111w, http:\/\/blitzconquista.com.br\/wp-content\/uploads\/2018\/08\/content_id-215x161.jpg 215w, http:\/\/blitzconquista.com.br\/wp-content\/uploads\/2018\/08\/content_id-990x743.jpg 990w, http:\/\/blitzconquista.com.br\/wp-content\/uploads\/2018\/08\/content_id-1320x990.jpg 1320w\" sizes=\"(max-width: 4032px) 100vw, 4032px\" \/><\/p>\n<p style=\"font-weight: 400;\">Em sua fala, Fabr\u00edcio destacou a import\u00e2ncia da continuidade do trabalho que vem fazendo em toda a Bahia. \u201cTenho trabalhado incansavelmente para levar mais investimentos e a\u00e7\u00f5es para as cidades do estado. E com o time que temos para essas elei\u00e7\u00f5es, acredito que vamos poder continuar mudando para melhor a vida do povo baiano\u201d, finalizou.<\/p>\n<p style=\"font-weight: 400;\">O deputado refor\u00e7ou o seu compromisso com os munic\u00edpios baianos, e destacou alguns deles onde t\u00eam apoio, entre eles Conquista, Po\u00e7\u00f5es, Itapetinga, Macarani, Maca\u00fabas, Correntina, Lic\u00ednio de Almeida, Gentio do Ouro, Encruzilhada, Cacul\u00e9, Caetanos, Tremedal, Pirip\u00e1, Itagib\u00e1, Correntina, Barra da Estiva, Itamb\u00e9, Conde\u00faba, Belo Campo e Livramento.<\/p>\n<p style=\"font-weight: 400;\">Durante o evento, que contou com a presen\u00e7a dos vereadores Coriolano Moraes (PT), Danillo Kiribamba (PC do B), Nildma Ribeiro (PC do B), e outras importantes for\u00e7as pol\u00edticas, o parlamentar ainda refor\u00e7ou o convite para o ato de lan\u00e7amento de sua candidatura, que ser\u00e1 realizado no dia 23 de agosto, \u00e0s 19h, na Casa Rafiki.<\/p>\n<p>*Assessoria<\/p>\n","protected":false},"excerpt":{"rendered":"<p>Candidato \u00e0 reelei\u00e7\u00e3o, o deputado estadual Fabr\u00edcio Falc\u00e3o (PCdoB) reuniu na noite desta sexta-feira, 17, apoiadores de Vit\u00f3ria da Conquista para ouvir propostas , debater estrat\u00e9gias e a mobiliza\u00e7\u00e3o das lideran\u00e7as nas diversas localidades da zona urbana e rural do munic\u00edpio. Em sua fala, Fabr\u00edcio destacou a import\u00e2ncia da continuidade do trabalho que vem fazendo [&hellip;]<\/p>\n","protected":false},"author":1,"featured_media":74385,"comment_status":"closed","ping_status":"closed","sticky":false,"template":"","format":"standard","meta":[],"categories":[5],"tags":[],"_links":{"self":[{"href":"http:\/\/blitzconquista.com.br\/index.php?rest_route=\/wp\/v2\/posts\/74384"}],"collection":[{"href":"http:\/\/blitzconquista.com.br\/index.php?rest_route=\/wp\/v2\/posts"}],"about":[{"href":"http:\/\/blitzconquista.com.br\/index.php?rest_route=\/wp\/v2\/types\/post"}],"author":[{"embeddable":true,"href":"http:\/\/blitzconquista.com.br\/index.php?rest_route=\/wp\/v2\/users\/1"}],"replies":[{"embeddable":true,"href":"http:\/\/blitzconquista.com.br\/index.php?rest_route=%2Fwp%2Fv2%2Fcomments&post=74384"}],"version-history":[{"count":1,"href":"http:\/\/blitzconquista.com.br\/index.php?rest_route=\/wp\/v2\/posts\/74384\/revisions"}],"predecessor-version":[{"id":74386,"href":"http:\/\/blitzconquista.com.br\/index.php?rest_route=\/wp\/v2\/posts\/74384\/revisions\/74386"}],"wp:featuredmedia":[{"embeddable":true,"href":"http:\/\/blitzconquista.com.br\/index.php?rest_route=\/wp\/v2\/media\/74385"}],"wp:attachment":[{"href":"http:\/\/blitzconquista.com.br\/index.php?rest_route=%2Fwp%2Fv2%2Fmedia&parent=74384"}],"wp:term":[{"taxonomy":"category","embeddable":true,"href":"http:\/\/blitzconquista.com.br\/index.php?rest_route=%2Fwp%2Fv2%2Fcategories&post=74384"},{"taxonomy":"post_tag","embeddable":true,"href":"http:\/\/blitzconquista.com.br\/index.php?rest_route=%2Fwp%2Fv2%2Ftags&post=74384"}],"curies":[{"name":"wp","href":"https:\/\/api.w.org\/{rel}","templated":true}]}}