{"id":74654,"date":"2018-08-28T14:00:38","date_gmt":"2018-08-28T17:00:38","guid":{"rendered":"http:\/\/blitzconquista.com.br\/?p=74654"},"modified":"2018-08-28T14:00:38","modified_gmt":"2018-08-28T17:00:38","slug":"mototaxistas-pegam-carona-na-liberacao-da-clandestinidade-e-invadem-as-ruas-de-conquistas","status":"publish","type":"post","link":"http:\/\/blitzconquista.com.br\/?p=74654","title":{"rendered":"Mototaxistas pegam carona na \u2018libera\u00e7\u00e3o\u2019 da clandestinidade e invadem as ruas de conquistas"},"content":{"rendered":"<figure id=\"attachment_74655\" aria-describedby=\"caption-attachment-74655\" style=\"width: 300px\" class=\"wp-caption aligncenter\"><img decoding=\"async\" loading=\"lazy\" class=\"size-full wp-image-74655\" src=\"http:\/\/blitzconquista.com.br\/wp-content\/uploads\/2018\/08\/mototaxi-300.jpg\" alt=\"\" width=\"300\" height=\"197\" srcset=\"http:\/\/blitzconquista.com.br\/wp-content\/uploads\/2018\/08\/mototaxi-300.jpg 300w, http:\/\/blitzconquista.com.br\/wp-content\/uploads\/2018\/08\/mototaxi-300-130x86.jpg 130w, http:\/\/blitzconquista.com.br\/wp-content\/uploads\/2018\/08\/mototaxi-300-187x124.jpg 187w\" sizes=\"(max-width: 300px) 100vw, 300px\" \/><figcaption id=\"caption-attachment-74655\" class=\"wp-caption-text\">Foto: G1 \/ ilustra\u00e7\u00e3o<\/figcaption><\/figure>\n<p>At\u00e9 o momento a Prefeitura de Vit\u00f3ria da Conquista n\u00e3o conseguiu equacionar o colapso do transporte regular de passageiros e n\u00e3o regularizou o transporte por meio de vans e carros de passeio. Houve at\u00e9 o lan\u00e7amento de um edital, que foi revogado pelo Prefeito Herzem Gusm\u00e3o Pereira, ap\u00f3s o Minist\u00e9rio P\u00fablico exigir a apresenta\u00e7\u00e3o do estudo de viabilidade t\u00e9cnica e econ\u00f4mica do servi\u00e7o que seria realizado pelas vans.<\/p>\n<p>Com a aus\u00eancia de fiscaliza\u00e7\u00e3o da clandestinidade, o inexistente ramo do mototaxi j\u00e1 \u00e9 realidade. O servi\u00e7o clandestino de transporte por meio de vans \u00e9 mais intenso na periferia. J\u00e1 s\u00e3o centenas de mototaxistas nas ruas, inclusive o servi\u00e7o \u00e9 oferecido por meio das redes sociais. Como ocorreu com as vans, a Prefeitura tamb\u00e9m tem feito \u2018vistas grossas\u2019 para a clandestinidade.<\/p>\n","protected":false},"excerpt":{"rendered":"<p>At\u00e9 o momento a Prefeitura de Vit\u00f3ria da Conquista n\u00e3o conseguiu equacionar o colapso do transporte regular de passageiros e n\u00e3o regularizou o transporte por meio de vans e carros de passeio. Houve at\u00e9 o lan\u00e7amento de um edital, que foi revogado pelo Prefeito Herzem Gusm\u00e3o Pereira, ap\u00f3s o Minist\u00e9rio P\u00fablico exigir a apresenta\u00e7\u00e3o do [&hellip;]<\/p>\n","protected":false},"author":1,"featured_media":74655,"comment_status":"closed","ping_status":"closed","sticky":false,"template":"","format":"standard","meta":[],"categories":[4,7],"tags":[],"_links":{"self":[{"href":"http:\/\/blitzconquista.com.br\/index.php?rest_route=\/wp\/v2\/posts\/74654"}],"collection":[{"href":"http:\/\/blitzconquista.com.br\/index.php?rest_route=\/wp\/v2\/posts"}],"about":[{"href":"http:\/\/blitzconquista.com.br\/index.php?rest_route=\/wp\/v2\/types\/post"}],"author":[{"embeddable":true,"href":"http:\/\/blitzconquista.com.br\/index.php?rest_route=\/wp\/v2\/users\/1"}],"replies":[{"embeddable":true,"href":"http:\/\/blitzconquista.com.br\/index.php?rest_route=%2Fwp%2Fv2%2Fcomments&post=74654"}],"version-history":[{"count":1,"href":"http:\/\/blitzconquista.com.br\/index.php?rest_route=\/wp\/v2\/posts\/74654\/revisions"}],"predecessor-version":[{"id":74656,"href":"http:\/\/blitzconquista.com.br\/index.php?rest_route=\/wp\/v2\/posts\/74654\/revisions\/74656"}],"wp:featuredmedia":[{"embeddable":true,"href":"http:\/\/blitzconquista.com.br\/index.php?rest_route=\/wp\/v2\/media\/74655"}],"wp:attachment":[{"href":"http:\/\/blitzconquista.com.br\/index.php?rest_route=%2Fwp%2Fv2%2Fmedia&parent=74654"}],"wp:term":[{"taxonomy":"category","embeddable":true,"href":"http:\/\/blitzconquista.com.br\/index.php?rest_route=%2Fwp%2Fv2%2Fcategories&post=74654"},{"taxonomy":"post_tag","embeddable":true,"href":"http:\/\/blitzconquista.com.br\/index.php?rest_route=%2Fwp%2Fv2%2Ftags&post=74654"}],"curies":[{"name":"wp","href":"https:\/\/api.w.org\/{rel}","templated":true}]}}