{"id":74710,"date":"2018-09-01T10:31:30","date_gmt":"2018-09-01T13:31:30","guid":{"rendered":"http:\/\/blitzconquista.com.br\/?p=74710"},"modified":"2018-09-01T10:31:30","modified_gmt":"2018-09-01T13:31:30","slug":"tse-rejeita-candidatura-de-lula-nas-eleicoes","status":"publish","type":"post","link":"http:\/\/blitzconquista.com.br\/?p=74710","title":{"rendered":"TSE rejeita candidatura de Lula nas elei\u00e7\u00f5es"},"content":{"rendered":"<h3>Relator ainda manda suspender propaganda eleitoral com ex-presidente<\/h3>\n<p>Por 6 votos a 1,\u00a0o Tribunal Superior Eleitoral (TSE) decidiu na madrugada de\u00a0<span id=\"OBJ_PREFIX_DWT1007_com_zimbra_date\" role=\"link\">hoje<\/span>\u00a0(1\u00ba) rejeitar o pedido de\u00a0registro de candidatura do ex-presidente Luiz In\u00e1cio Lula da Silva (PT) \u00e0 Presid\u00eancia da Rep\u00fablica nas elei\u00e7\u00f5es\u00a0de outubro. A decis\u00e3o foi tomada a partir de 16 impugna\u00e7\u00f5es\u00a0\u00e0 candidatura apresentadas ao tribunal.<\/p>\n<p>Com a decis\u00e3o, Lula\u00a0n\u00e3o poder\u00e1 mais aparecer no programa eleitoral para presidente, veiculado no r\u00e1dio e na televis\u00e3o a partir deste s\u00e1bado (1\u00ba), at\u00e9 que o PT fa\u00e7a a substitui\u00e7\u00e3o por outro candidato. Conforme o entendimento, o ex-presidente tamb\u00e9m dever\u00e1\u00a0<span id=\"m_5135619204693897427gmail-m_-3560195602738060970gmail-OBJ_PREFIX_DWT3026_com_zimbra_date\"><span id=\"m_5135619204693897427gmail-m_-3560195602738060970gmail-OBJ_PREFIX_DWT3024_com_zimbra_date\"><span id=\"m_5135619204693897427gmail-OBJ_PREFIX_DWT3197_com_zimbra_date\"><span id=\"OBJ_PREFIX_DWT1008_com_zimbra_date\" role=\"link\">ter<\/span><\/span><\/span><\/span>\u00a0o nome e foto retirados da urna eletr\u00f4nica. O partido\u00a0<span id=\"m_5135619204693897427gmail-m_-3560195602738060970gmail-OBJ_PREFIX_DWT3027_com_zimbra_date\"><span id=\"m_5135619204693897427gmail-m_-3560195602738060970gmail-OBJ_PREFIX_DWT3025_com_zimbra_date\"><span id=\"m_5135619204693897427gmail-OBJ_PREFIX_DWT3198_com_zimbra_date\"><span id=\"OBJ_PREFIX_DWT1009_com_zimbra_date\" role=\"link\">ter<\/span><\/span><\/span><\/span>\u00e1 10 dias para indicar o substituto.\u00a0 A decis\u00e3o tem validade imediata porque ser\u00e1 publicada ao t\u00e9rmino da sess\u00e3o.<\/p>\n<p>Os ministros ainda suspenderam a sess\u00e3o durante a madrugada para definir se a senten\u00e7a deveria incluir a retirada completa da propaganda do PT na TV e no r\u00e1dio. Os ministros optaram, no entanto, somente pela proibi\u00e7\u00e3o da participa\u00e7\u00e3o de Lula como candidato, o que permite que o candidato a vice Fernando Haddad continue a fazer propaganda.<\/p>\n<div class=\"dnd-widget-wrapper context-grande_6colunas type-image\">\n<div class=\"dnd-atom-rendered\">\n<figure class=\"mejs-fotoh-wrapper\"><img decoding=\"async\" class=\"img-responsive full full aligncenter\" title=\"Fabio Rodrigues Pozzebom\/Ag\u00eancia Brasil\/Ag\u00eancia Brasil\" src=\"http:\/\/imagens.ebc.com.br\/Q47A7XitJb4dMRQivdBGyRteDZo=\/463x0\/smart\/http:\/\/agenciabrasil.ebc.com.br\/sites\/default\/files\/thumbnails\/image\/fcpzzb_abr_310820181131.jpg?itok=ZYwryqdh\" alt=\"O Tribunal Superior Eleitoral (TSE) realiza sess\u00e3o extra onde pode julgar o pedido de registro de candidatura do ex-presidente Luiz In\u00e1cio Lula da Silva para a presid\u00eancia da Rep\u00fablica nas elei\u00e7\u00f5es de outubro. \" \/><\/figure>\n<\/div>\n<div class=\"dnd-caption-wrapper\">\n<div class=\"meta\">O placar da vota\u00e7\u00e3o foi formado com base no voto do relator,\u00a0ministro Lu\u00eds Roberto Barroso. Para o ministro,\u00a0Lula\u00a0est\u00e1 ineleg\u00edvel com base na Lei de Ficha Limpa, aprovada em 2010, que veta a candidatura de quem foi condenado por \u00f3rg\u00e3o colegiado.<\/div>\n<\/div>\n<\/div>\n<p>Barroso tamb\u00e9m entendeu que a\u00a0recomenda\u00e7\u00e3o\u00a0do Comit\u00ea de Direitos Humanos da Organiza\u00e7\u00e3o das Na\u00e7\u00f5es Unidas (ONU) para que Lula participe do pleito\u00a0n\u00e3o tem for\u00e7a para vincular o Judici\u00e1rio do pa\u00eds.<\/p>\n<p>O entendimento foi seguido pelos ministros\u00a0Jorge Mussi,\u00a0Og Fernandes,\u00a0Admar Gonzaga,\u00a0Tarc\u00edsio Vieira\u00a0e a presidente, Rosa Weber. A ministra divergiu em parte do relator ao entender que Lula poderia participar da campanha em fun\u00e7\u00e3o do cabimento de recursos, mas ficou vencida.<\/p>\n<p>Edson Fachin foi o \u00fanico a votar a favor do argumentos apresentados pela defesa de Lula.\u00a0Em seu voto, Fachin disse que Lula est\u00e1 ineleg\u00edvel com base na Lei da Ficha Limpa, por\u00a0<span id=\"m_5135619204693897427gmail-OBJ_PREFIX_DWT714_com_zimbra_date\"><span id=\"OBJ_PREFIX_DWT1011_com_zimbra_date\" role=\"link\">ter<\/span><\/span>\u00a0sido condenado na\u00a0<span id=\"m_5135619204693897427gmail-OBJ_PREFIX_DWT715_com_zimbra_date\"><span id=\"OBJ_PREFIX_DWT1012_com_zimbra_date\" role=\"link\">segunda<\/span><\/span>\u00a0inst\u00e2ncia da Justi\u00e7a brasileira, mas, mesmo estando preso, pode concorrer nas elei\u00e7\u00f5es devido \u00e0\u00a0<span id=\"OBJ_PREFIX_DWT1013_com_zimbra_url\" role=\"link\"><span id=\"m_5135619204693897427gmail-OBJ_PREFIX_DWT716_com_zimbra_url\">recomenda\u00e7\u00e3o<\/span><\/span>\u00a0do \u00f3rg\u00e3o da ONU.<\/p>\n<h2>PGR<\/h2>\n<p>Durante o julgamento, a\u00a0procuradora-geral Eleitoral, Raquel Dodge,\u00a0opinou contra a concess\u00e3o do registro de Lula. Segundo a procuradora, Lula foi condenado pela\u00a0<span id=\"OBJ_PREFIX_DWT1014_com_zimbra_date\" role=\"link\">segunda<\/span>\u00a0inst\u00e2ncia da Justi\u00e7a Federal e n\u00e3o pode disputar o pleito.<\/p>\n<h2>Defesa<\/h2>\n<p>A\u00a0defesa de Lula pretende recorrer ao Supremo para tentar garantir a presen\u00e7a do ex-presidente nas elei\u00e7\u00f5es.<\/p>\n<p>Durante o julgamento, a defesa do ex-presidente afirmou que a Justi\u00e7a\u00a0brasileira deveria cumprir recomenda\u00e7\u00e3o\u00a0do Comit\u00ea de Direitos Humanos da Organiza\u00e7\u00e3o das Na\u00e7\u00f5es Unidas e liberar\u00a0o\u00a0registro de candidatura do ex-presidente nas elei\u00e7\u00f5es.<\/p>\n<p>A defesa de Lula tamb\u00e9m pediu que o TSE n\u00e3o julgasse o pedido de registro. De acordo com o advogado\u00a0Luiz Fernando Pereira,\u00a0o\u00a0processo n\u00e3o estava pronto para julgamento, porque n\u00e3o houve todas as manifesta\u00e7\u00f5es finais dos que contestaram o registro. Segundo Pereira, \u201co julgamento \u00e9 nulo\u201d sem o rito processual que deve ser seguido.<\/p>\n<p>*Ag\u00eancia Brasil<\/p>\n","protected":false},"excerpt":{"rendered":"<p>Relator ainda manda suspender propaganda eleitoral com ex-presidente Por 6 votos a 1,\u00a0o Tribunal Superior Eleitoral (TSE) decidiu na madrugada de\u00a0hoje\u00a0(1\u00ba) rejeitar o pedido de\u00a0registro de candidatura do ex-presidente Luiz In\u00e1cio Lula da Silva (PT) \u00e0 Presid\u00eancia da Rep\u00fablica nas elei\u00e7\u00f5es\u00a0de outubro. A decis\u00e3o foi tomada a partir de 16 impugna\u00e7\u00f5es\u00a0\u00e0 candidatura apresentadas ao tribunal. [&hellip;]<\/p>\n","protected":false},"author":1,"featured_media":74711,"comment_status":"closed","ping_status":"closed","sticky":false,"template":"","format":"standard","meta":[],"categories":[5],"tags":[],"_links":{"self":[{"href":"http:\/\/blitzconquista.com.br\/index.php?rest_route=\/wp\/v2\/posts\/74710"}],"collection":[{"href":"http:\/\/blitzconquista.com.br\/index.php?rest_route=\/wp\/v2\/posts"}],"about":[{"href":"http:\/\/blitzconquista.com.br\/index.php?rest_route=\/wp\/v2\/types\/post"}],"author":[{"embeddable":true,"href":"http:\/\/blitzconquista.com.br\/index.php?rest_route=\/wp\/v2\/users\/1"}],"replies":[{"embeddable":true,"href":"http:\/\/blitzconquista.com.br\/index.php?rest_route=%2Fwp%2Fv2%2Fcomments&post=74710"}],"version-history":[{"count":1,"href":"http:\/\/blitzconquista.com.br\/index.php?rest_route=\/wp\/v2\/posts\/74710\/revisions"}],"predecessor-version":[{"id":74712,"href":"http:\/\/blitzconquista.com.br\/index.php?rest_route=\/wp\/v2\/posts\/74710\/revisions\/74712"}],"wp:featuredmedia":[{"embeddable":true,"href":"http:\/\/blitzconquista.com.br\/index.php?rest_route=\/wp\/v2\/media\/74711"}],"wp:attachment":[{"href":"http:\/\/blitzconquista.com.br\/index.php?rest_route=%2Fwp%2Fv2%2Fmedia&parent=74710"}],"wp:term":[{"taxonomy":"category","embeddable":true,"href":"http:\/\/blitzconquista.com.br\/index.php?rest_route=%2Fwp%2Fv2%2Fcategories&post=74710"},{"taxonomy":"post_tag","embeddable":true,"href":"http:\/\/blitzconquista.com.br\/index.php?rest_route=%2Fwp%2Fv2%2Ftags&post=74710"}],"curies":[{"name":"wp","href":"https:\/\/api.w.org\/{rel}","templated":true}]}}