{"id":74724,"date":"2018-09-01T11:19:40","date_gmt":"2018-09-01T14:19:40","guid":{"rendered":"http:\/\/blitzconquista.com.br\/?p=74724"},"modified":"2018-09-01T11:33:17","modified_gmt":"2018-09-01T14:33:17","slug":"video-carro-oficial-do-prefeito-e-bloqueado-por-manifestantes-na-av-bartolomeu-de-gusmao","status":"publish","type":"post","link":"http:\/\/blitzconquista.com.br\/?p=74724","title":{"rendered":"V\u00cdDEO: Carro oficial do prefeito \u00e9 bloqueado por manifestantes na Av. Bartolomeu de Gusm\u00e3o"},"content":{"rendered":"<p>O carro oficial utilizado pelo Prefeito de Vit\u00f3ria da Conquista, Herzem Gusm\u00e3o Pereira, foi bloqueado por manifestantes na Av. Bartolomeu de Gusm\u00e3o, junto a Pra\u00e7a Vitor Brito.<\/p>\n<p>Dezenas de estudantes protestavam contra o suposto aumento de tarifa do transporte p\u00fablico, quando o carro \u2018do prefeito\u2019 passava pelo local.<\/p>\n<p>O ve\u00edculo foi cercado e os manifestantes gritaram \u2018a culpa \u00e9 de Herzem\u2019. Aparentemente o prefeito n\u00e3o estava no ve\u00edculo, mas, com certeza, o recado chegou a Gusm\u00e3o Pereira.<\/p>\n<p>As imagens s\u00e3o do Blog do Anderson.<\/p>\n<p><iframe loading=\"lazy\" src=\"https:\/\/www.youtube.com\/embed\/xXd38b9DRQQ\" width=\"560\" height=\"315\" frameborder=\"0\" allowfullscreen=\"allowfullscreen\"><\/iframe><\/p>\n","protected":false},"excerpt":{"rendered":"<p>O carro oficial utilizado pelo Prefeito de Vit\u00f3ria da Conquista, Herzem Gusm\u00e3o Pereira, foi bloqueado por manifestantes na Av. Bartolomeu de Gusm\u00e3o, junto a Pra\u00e7a Vitor Brito. Dezenas de estudantes protestavam contra o suposto aumento de tarifa do transporte p\u00fablico, quando o carro \u2018do prefeito\u2019 passava pelo local. O ve\u00edculo foi cercado e os manifestantes [&hellip;]<\/p>\n","protected":false},"author":1,"featured_media":74725,"comment_status":"closed","ping_status":"closed","sticky":false,"template":"","format":"standard","meta":[],"categories":[4,212],"tags":[],"_links":{"self":[{"href":"http:\/\/blitzconquista.com.br\/index.php?rest_route=\/wp\/v2\/posts\/74724"}],"collection":[{"href":"http:\/\/blitzconquista.com.br\/index.php?rest_route=\/wp\/v2\/posts"}],"about":[{"href":"http:\/\/blitzconquista.com.br\/index.php?rest_route=\/wp\/v2\/types\/post"}],"author":[{"embeddable":true,"href":"http:\/\/blitzconquista.com.br\/index.php?rest_route=\/wp\/v2\/users\/1"}],"replies":[{"embeddable":true,"href":"http:\/\/blitzconquista.com.br\/index.php?rest_route=%2Fwp%2Fv2%2Fcomments&post=74724"}],"version-history":[{"count":3,"href":"http:\/\/blitzconquista.com.br\/index.php?rest_route=\/wp\/v2\/posts\/74724\/revisions"}],"predecessor-version":[{"id":74729,"href":"http:\/\/blitzconquista.com.br\/index.php?rest_route=\/wp\/v2\/posts\/74724\/revisions\/74729"}],"wp:featuredmedia":[{"embeddable":true,"href":"http:\/\/blitzconquista.com.br\/index.php?rest_route=\/wp\/v2\/media\/74725"}],"wp:attachment":[{"href":"http:\/\/blitzconquista.com.br\/index.php?rest_route=%2Fwp%2Fv2%2Fmedia&parent=74724"}],"wp:term":[{"taxonomy":"category","embeddable":true,"href":"http:\/\/blitzconquista.com.br\/index.php?rest_route=%2Fwp%2Fv2%2Fcategories&post=74724"},{"taxonomy":"post_tag","embeddable":true,"href":"http:\/\/blitzconquista.com.br\/index.php?rest_route=%2Fwp%2Fv2%2Ftags&post=74724"}],"curies":[{"name":"wp","href":"https:\/\/api.w.org\/{rel}","templated":true}]}}