{"id":74742,"date":"2018-09-02T13:06:16","date_gmt":"2018-09-02T16:06:16","guid":{"rendered":"http:\/\/blitzconquista.com.br\/?p=74742"},"modified":"2018-09-02T13:06:16","modified_gmt":"2018-09-02T16:06:16","slug":"camara-de-vereadores-de-conquista-ja-aprovou-34-mocoes-de-aplauso-em-2018","status":"publish","type":"post","link":"http:\/\/blitzconquista.com.br\/?p=74742","title":{"rendered":"C\u00e2mara de Vereadores de Conquista j\u00e1 aprovou 34 mo\u00e7\u00f5es de aplauso em 2018"},"content":{"rendered":"<p><span style=\"color: #ff0000;\"><strong>Levantamento feito pelo <a style=\"color: #ff0000;\" href=\"http:\/\/avoador.com.br\/politica\/camara-de-vereadores-de-conquista-ja-aprovou-34-mocoes-de-aplauso-em-2018\/\">Avoador<\/a> demonstra que a\u00e7\u00f5es de maior interesse da popula\u00e7\u00e3o, como a cria\u00e7\u00e3o de projetos de lei, n\u00e3o s\u00e3o a principal prioridade dos parlamentares<\/strong><\/span><\/p>\n<p>Vinte e um vereadores, eleitos em Vit\u00f3ria da Conquista por cerca de 240 mil pessoas, em 2016, s\u00e3o respons\u00e1veis por representar politicamente a popula\u00e7\u00e3o total da cidade, que chega a quase 340 mil habitantes, de acordo com estimativa do Instituto Brasileiro de Geografia e Estat\u00edstica (IBGE). Cabe a eles o papel de propor e votar leis municipais, fiscalizar os abusos do prefeito, sugerir discuss\u00f5es importantes para a comunidade e representar os seus eleitores.<\/p>\n<p>Por\u00e9m, um levantamento feito pelo Avoador entre 1\u00ba de janeiro e 26 de agosto, indica que essas fun\u00e7\u00f5es parecem n\u00e3o ser a prioridade da C\u00e2mara Legislativa Municipal. A pesquisa aponta para o n\u00famero acentuado de mo\u00e7\u00f5es de aplausos apresentadas pelos vereadores em 2018, em compara\u00e7\u00e3o com a quantidade de a\u00e7\u00f5es mais importantes para a popula\u00e7\u00e3o conquistense, como por exemplo, a cria\u00e7\u00e3o de projetos de lei.<\/p>\n<div id=\"attachment_2412\" class=\"wp-caption aligncenter\">\n<p><img decoding=\"async\" loading=\"lazy\" class=\"wp-image-2412 size-full jetpack-lazy-image jetpack-lazy-image--handled\" src=\"https:\/\/i0.wp.com\/avoador.com.br\/wp-content\/uploads\/2018\/08\/Faixada-da-C%C3%A2mara.jpg?resize=600%2C401\" sizes=\"(max-width: 600px) 100vw, 600px\" srcset=\"https:\/\/i0.wp.com\/avoador.com.br\/wp-content\/uploads\/2018\/08\/Faixada-da-C\u00e2mara.jpg?w=600 600w, https:\/\/i0.wp.com\/avoador.com.br\/wp-content\/uploads\/2018\/08\/Faixada-da-C\u00e2mara.jpg?resize=300%2C201 300w\" alt=\"\" width=\"600\" height=\"401\" data-attachment-id=\"2412\" data-permalink=\"http:\/\/avoador.com.br\/politica\/camara-de-vereadores-de-conquista-ja-aprovou-34-mocoes-de-aplauso-em-2018\/attachment\/faixada-da-camara\/\" data-orig-file=\"https:\/\/i0.wp.com\/avoador.com.br\/wp-content\/uploads\/2018\/08\/Faixada-da-C\u00e2mara.jpg?fit=600%2C401\" data-orig-size=\"600,401\" data-comments-opened=\"1\" data-image-meta=\"{&quot;aperture&quot;:&quot;6.3&quot;,&quot;credit&quot;:&quot;Picasa&quot;,&quot;camera&quot;:&quot;NIKON D5200&quot;,&quot;caption&quot;:&quot;&quot;,&quot;created_timestamp&quot;:&quot;1489168416&quot;,&quot;copyright&quot;:&quot;&quot;,&quot;focal_length&quot;:&quot;18&quot;,&quot;iso&quot;:&quot;1000&quot;,&quot;shutter_speed&quot;:&quot;0.008&quot;,&quot;title&quot;:&quot;&quot;,&quot;orientation&quot;:&quot;0&quot;}\" data-image-title=\"Faixada da C\u00e2mara\" data-image-description=\"\" data-medium-file=\"https:\/\/i0.wp.com\/avoador.com.br\/wp-content\/uploads\/2018\/08\/Faixada-da-C\u00e2mara.jpg?fit=300%2C201\" data-large-file=\"https:\/\/i0.wp.com\/avoador.com.br\/wp-content\/uploads\/2018\/08\/Faixada-da-C\u00e2mara.jpg?fit=600%2C401\" data-recalc-dims=\"1\" data-lazy-loaded=\"1\" \/><\/p>\n<p class=\"wp-caption-text\">Este ano, j\u00e1 foram realizadas mais de 50 sess\u00f5es na C\u00e2mara de Vereadores de Conquista. Foto: Ascom C\u00e2mara VC.<\/p>\n<\/div>\n<p>Uma mo\u00e7\u00e3o de aplauso \u00e9 a homenagem de um vereador a uma determinada pessoa que, na sua opini\u00e3o, tenha realizado relevante servi\u00e7o para o desenvolvimento do munic\u00edpio. O projeto de lei, por sua vez, diz respeito a um conjunto de normas referentes a determinado tema de interesse da popula\u00e7\u00e3o que, para aprova\u00e7\u00e3o, precisa ser votado no plen\u00e1rio.<\/p>\n<p>Com base em dados disponibilizados no pr\u00f3prio\u00a0<a href=\"http:\/\/www.camaravc.com.br\/home\/inicio\/1\">site da C\u00e2mara<\/a>, foram identificadas que, das 51 sess\u00f5es que j\u00e1 ocorreram este ano no Plen\u00e1rio Carmen L\u00facia, foram apresentadas 34 mo\u00e7\u00f5es de aplausos e 58 projetos de lei. A diferen\u00e7a \u00e9 pequena quando se leva em conta que acontecem apenas quatro sess\u00f5es mensais.<\/p>\n<p>O infogr\u00e1fico abaixo, produzido ap\u00f3s apura\u00e7\u00e3o de dados feita pela equipe de reportagem do Avoador, apresenta o n\u00famero de atividades desenvolvidas, por categoria, por cada um dos 21 vereadores de Conquista. Nele, a grande quantidade de mo\u00e7\u00f5es de aplauso aprovadas no per\u00edodo de tempo pesquisado \u00e9 justamente o que chama mais aten\u00e7\u00e3o.<\/p>\n<div id=\"ig-423ab4d3-10f4-05db-982a-9cf837677198\" class=\"infogram-embed\" data-id=\"monitoramento-parlamentar-1h7z2lk8nppx6ow?live\" data-type=\"interactive\" data-processed=\"1\"><img decoding=\"async\" loading=\"lazy\" class=\"aligncenter size-full wp-image-74745\" src=\"http:\/\/blitzconquista.com.br\/wp-content\/uploads\/2018\/09\/mon-parla.jpg\" alt=\"\" width=\"691\" height=\"576\" srcset=\"http:\/\/blitzconquista.com.br\/wp-content\/uploads\/2018\/09\/mon-parla.jpg 691w, http:\/\/blitzconquista.com.br\/wp-content\/uploads\/2018\/09\/mon-parla-300x250.jpg 300w\" sizes=\"(max-width: 691px) 100vw, 691px\" \/><\/div>\n<p>Para as mo\u00e7\u00f5es serem aprovados, o primeiro passo a ser dado \u00e9 um vereador, sozinho ou em coautoria com outro parlamentar, apresentar \u00e0 mesa diretora da C\u00e2mara, respons\u00e1vel por administrar os trabalhos do Poder Legislativo, uma solicita\u00e7\u00e3o nesse sentido. Em seguida, os respons\u00e1veis pela inst\u00e2ncia devem encaminhar o pedido para a aprova\u00e7\u00e3o do presidente da c\u00e2mara e, na sequ\u00eancia, ele o envia para publica\u00e7\u00e3o. Quando o parlamentar quiser que a mo\u00e7\u00e3o seja uma manifesta\u00e7\u00e3o coletiva do \u00f3rg\u00e3o, ele precisa da aprova\u00e7\u00e3o da maioria absoluta dos vereadores.<\/p>\n<p>Para o vereador Luis Carlos Dud\u00e9 (PTB), h\u00e1 de fato um excesso de mo\u00e7\u00f5es de aplausos na C\u00e2mara. \u201cA gente precisa readequar essas quest\u00f5es, porque a pessoa fez uma m\u00fasica, vai l\u00e1 e recebe uma mo\u00e7\u00e3o de aplauso; fez um poema, vai l\u00e1 e ganha uma mo\u00e7\u00e3o de aplauso. N\u00e3o \u00e9 para isso, o seu sentido n\u00e3o \u00e9 esse\u201d, diz. Apesar de demonstrar desaprova\u00e7\u00e3o ao n\u00famero consider\u00e1vel de mo\u00e7\u00f5es de aplauso, segundo os dados levantados, o vereador realizou quatro pedidos na C\u00e2mara.<\/p>\n<p>A vereadora Nildma Ribeiro (PC do B), em seu primeiro mandato legislativo, \u00e9 ainda mais incisiva quando se trata do assunto: \u201cEu acho que a C\u00e2mara tem que ter um objetivo maior do que propor mo\u00e7\u00f5es de aplausos\u201d. At\u00e9 o momento, ela n\u00e3o prop\u00f4s nenhum pedido.<\/p>\n<p>Al\u00e9m da grande quantidade de mo\u00e7\u00f5es de aplauso, chama a aten\u00e7\u00e3o o motivo das solicita\u00e7\u00f5es. Uma delas foi para a cabo da Pol\u00edcia Militar do Estado de S\u00e3o Paulo, K\u00e1tia Sastre. Ela \u00e9 a policial que, na v\u00e9spera do dia das m\u00e3es deste ano, enfrentou um ladr\u00e3o na porta da escola da sua filha e o matou. Tal fato ganhou notoriedade porque foi filmado e compartilhado nas redes sociais. Mas n\u00e3o aconteceu em Vit\u00f3ria da Conquista, nem na Bahia, mas em S\u00e3o Paulo.<\/p>\n<p>A equipe de reportagem do Avoador tentou conversar com o presidente da C\u00e2mara Municipal de Vereadores, Herm\u00ednio Oliveira (PPS), para comentar o levantamento. No entanto, ele n\u00e3o aceitou conceder entrevista, nem pessoalmente nem por telefone.<\/p>\n<h5>Cr\u00edticas<\/h5>\n<p>Se por um lado a quantidade de mo\u00e7\u00f5es de aplausos chama aten\u00e7\u00e3o, por outro, os eleitores demonstram descontentamento com o papel desempenhado pelos parlamentares. Eduardo Maur\u00edcio de Souza, 52 anos, \u00e9 gestor em recursos humanos e destaca a necessidade de acompanhar mais de perto as atividades realizadas pelos membros da C\u00e2mara. \u201cNa minha opini\u00e3o, os vereadores de Vit\u00f3ria da Conquista fazem muito pouco pela popula\u00e7\u00e3o numa atua\u00e7\u00e3o de quatro anos. Eles aprovam requerimentos ou mo\u00e7\u00f5es de aplauso, basicamente. Mas \u00e9 preciso sentir de perto o que a popula\u00e7\u00e3o realmente necessita. E, com raras exce\u00e7\u00f5es, n\u00e3o vejo isso\u201d.<\/p>\n<p>A psic\u00f3loga Neide Brito, de 51 anos, \u00e9 ainda mais enf\u00e1tica ao criticar o trabalho dos parlamentares conquistenses. \u201cPenso que a atua\u00e7\u00e3o dos vereadores poderia ser muito mais eficiente. Os vereadores s\u00e3o eleitos pelo povo, mas na pr\u00e1tica fazem bem pouco pelas causas comunit\u00e1rias e sociais. Muitas vezes s\u00e3o projetos de interesse partid\u00e1rio ou de pouca relev\u00e2ncia. Vit\u00f3ria da Conquista \u00e9 a terceira maior cidade do estado e enfrenta problemas s\u00e9rios que precisam de uma aten\u00e7\u00e3o maior por parte do poder p\u00fablico, mas pouco se tem feito sobre essas demandas\u201d, comenta. Por outro lado, a psic\u00f3loga lembra de algo importante: \u201ccabe ao eleitor fiscalizar e cobrar um trabalho mais eficiente\u201d.<\/p>\n<h5>O papel dos parlamentares<\/h5>\n<p>Edivaldo Ferreira J\u00fanior, advogado e professor de Ci\u00eancias Pol\u00edticas, Legisla\u00e7\u00e3o Eleitoral e Direito Municipal, esclarece que o vereador tem, basicamente, tr\u00eas fun\u00e7\u00f5es: legislar, fiscalizar e administrar. Entre essas, a fun\u00e7\u00e3o de fiscalizar os atos da Prefeitura (obras, servi\u00e7os, presta\u00e7\u00e3o de contas, etc.), segundo ele, \u00e9 uma das mais importantes, tendo como ponto principal o julgamento das contas do munic\u00edpio.<\/p>\n<p>O professor refor\u00e7a a import\u00e2ncia da participa\u00e7\u00e3o do eleitor nas decis\u00f5es pol\u00edticas tomadas na C\u00e2mara dos Vereadores. \u201cA popula\u00e7\u00e3o do munic\u00edpio pode contribuir para o desempenho do mandato dos vereadores propondo e apresentando ideias e as necessidades do seu bairro, fiscalizando os atos do parlamentar (se est\u00e1 cumprindo as promessas de campanha), participando das sess\u00f5es ordin\u00e1rias realizadas na C\u00e2mara e, tamb\u00e9m, das audi\u00eancias p\u00fablicas sobre presta\u00e7\u00e3o de contas e a\u00e7\u00f5es realizadas pelo governo municipal\u201d.<\/p>\n<p>Foto de capa: Ascom C\u00e2mara VC.<\/p>\n<p>Infogr\u00e1ficos: Caren Gabriele.<\/p>\n<p><strong><a href=\"http:\/\/avoador.com.br\/quem-somos\/\">Avoador \u00e9 Produto laboratorial da disciplina Jornalismo Digital. Curso de Jornalismo.<\/a><\/strong><br \/>\n<strong>Universidade Estadual do Sudoeste da Bahia &#8211; UESB.<\/strong><\/p>\n","protected":false},"excerpt":{"rendered":"<p>Levantamento feito pelo Avoador demonstra que a\u00e7\u00f5es de maior interesse da popula\u00e7\u00e3o, como a cria\u00e7\u00e3o de projetos de lei, n\u00e3o s\u00e3o a principal prioridade dos parlamentares Vinte e um vereadores, eleitos em Vit\u00f3ria da Conquista por cerca de 240 mil pessoas, em 2016, s\u00e3o respons\u00e1veis por representar politicamente a popula\u00e7\u00e3o total da cidade, que chega [&hellip;]<\/p>\n","protected":false},"author":1,"featured_media":74746,"comment_status":"closed","ping_status":"closed","sticky":false,"template":"","format":"standard","meta":[],"categories":[5],"tags":[],"_links":{"self":[{"href":"http:\/\/blitzconquista.com.br\/index.php?rest_route=\/wp\/v2\/posts\/74742"}],"collection":[{"href":"http:\/\/blitzconquista.com.br\/index.php?rest_route=\/wp\/v2\/posts"}],"about":[{"href":"http:\/\/blitzconquista.com.br\/index.php?rest_route=\/wp\/v2\/types\/post"}],"author":[{"embeddable":true,"href":"http:\/\/blitzconquista.com.br\/index.php?rest_route=\/wp\/v2\/users\/1"}],"replies":[{"embeddable":true,"href":"http:\/\/blitzconquista.com.br\/index.php?rest_route=%2Fwp%2Fv2%2Fcomments&post=74742"}],"version-history":[{"count":3,"href":"http:\/\/blitzconquista.com.br\/index.php?rest_route=\/wp\/v2\/posts\/74742\/revisions"}],"predecessor-version":[{"id":74747,"href":"http:\/\/blitzconquista.com.br\/index.php?rest_route=\/wp\/v2\/posts\/74742\/revisions\/74747"}],"wp:featuredmedia":[{"embeddable":true,"href":"http:\/\/blitzconquista.com.br\/index.php?rest_route=\/wp\/v2\/media\/74746"}],"wp:attachment":[{"href":"http:\/\/blitzconquista.com.br\/index.php?rest_route=%2Fwp%2Fv2%2Fmedia&parent=74742"}],"wp:term":[{"taxonomy":"category","embeddable":true,"href":"http:\/\/blitzconquista.com.br\/index.php?rest_route=%2Fwp%2Fv2%2Fcategories&post=74742"},{"taxonomy":"post_tag","embeddable":true,"href":"http:\/\/blitzconquista.com.br\/index.php?rest_route=%2Fwp%2Fv2%2Ftags&post=74742"}],"curies":[{"name":"wp","href":"https:\/\/api.w.org\/{rel}","templated":true}]}}