{"id":74852,"date":"2018-09-05T00:44:58","date_gmt":"2018-09-05T03:44:58","guid":{"rendered":"http:\/\/blitzconquista.com.br\/?p=74852"},"modified":"2018-09-05T01:09:04","modified_gmt":"2018-09-05T04:09:04","slug":"homem-e-assassinado-a-tiros-dentro-de-carro-na-av-brumado","status":"publish","type":"post","link":"http:\/\/blitzconquista.com.br\/?p=74852","title":{"rendered":"Homem \u00e9 assassinado a tiros dentro de carro na Av. Brumado"},"content":{"rendered":"<p><img decoding=\"async\" loading=\"lazy\" src=\"http:\/\/blitzconquista.com.br\/wp-content\/uploads\/2018\/09\/Photo-editing_Cloud20180905.jpg\" width=\"223\" height=\"159\" class=\"alignnone wp-image-74861 size-full\"><\/p>\n<p>Fl\u00e1vio Rocha da Silva foi assassinado a tiros no final da noite dessa ter\u00e7a-feira (04), enquanto dirigia na Av. Brumado, no bairro Brasil, em Vit\u00f3ria da Conquista.<\/p>\n<p><img decoding=\"async\" loading=\"lazy\" class=\"wp-image-74856 alignnone size-full\" src=\"http:\/\/blitzconquista.com.br\/wp-content\/uploads\/2018\/09\/0_p_20180905_002939_vhdr_on2539150734889017824.jpg\" width=\"2328\" height=\"1310\" srcset=\"http:\/\/blitzconquista.com.br\/wp-content\/uploads\/2018\/09\/0_p_20180905_002939_vhdr_on2539150734889017824.jpg 2328w, http:\/\/blitzconquista.com.br\/wp-content\/uploads\/2018\/09\/0_p_20180905_002939_vhdr_on2539150734889017824-300x168.jpg 300w, http:\/\/blitzconquista.com.br\/wp-content\/uploads\/2018\/09\/0_p_20180905_002939_vhdr_on2539150734889017824-768x432.jpg 768w, http:\/\/blitzconquista.com.br\/wp-content\/uploads\/2018\/09\/0_p_20180905_002939_vhdr_on2539150734889017824-695x391.jpg 695w, http:\/\/blitzconquista.com.br\/wp-content\/uploads\/2018\/09\/0_p_20180905_002939_vhdr_on2539150734889017824-990x557.jpg 990w, http:\/\/blitzconquista.com.br\/wp-content\/uploads\/2018\/09\/0_p_20180905_002939_vhdr_on2539150734889017824-1320x743.jpg 1320w, http:\/\/blitzconquista.com.br\/wp-content\/uploads\/2018\/09\/0_p_20180905_002939_vhdr_on2539150734889017824-470x264.jpg 470w, http:\/\/blitzconquista.com.br\/wp-content\/uploads\/2018\/09\/0_p_20180905_002939_vhdr_on2539150734889017824-640x360.jpg 640w, http:\/\/blitzconquista.com.br\/wp-content\/uploads\/2018\/09\/0_p_20180905_002939_vhdr_on2539150734889017824-215x120.jpg 215w, http:\/\/blitzconquista.com.br\/wp-content\/uploads\/2018\/09\/0_p_20180905_002939_vhdr_on2539150734889017824-414x232.jpg 414w\" sizes=\"(max-width: 2328px) 100vw, 2328px\" \/><\/p>\n<p>Testemunhas disseram que a v\u00edtima conduzia o ve\u00edculo, quando dois homens numa motocicleta acompanharam o ve\u00edculo e atiraram no condutor. O carro parou alguns metros a frente.<\/p>\n<p><img decoding=\"async\" loading=\"lazy\" class=\"wp-image-74858 alignnone size-full\" src=\"http:\/\/blitzconquista.com.br\/wp-content\/uploads\/2018\/09\/0_p_20180905_002853_vhdr_on2965773753192307780.jpg\" width=\"2328\" height=\"1310\" srcset=\"http:\/\/blitzconquista.com.br\/wp-content\/uploads\/2018\/09\/0_p_20180905_002853_vhdr_on2965773753192307780.jpg 2328w, http:\/\/blitzconquista.com.br\/wp-content\/uploads\/2018\/09\/0_p_20180905_002853_vhdr_on2965773753192307780-300x168.jpg 300w, http:\/\/blitzconquista.com.br\/wp-content\/uploads\/2018\/09\/0_p_20180905_002853_vhdr_on2965773753192307780-768x432.jpg 768w, http:\/\/blitzconquista.com.br\/wp-content\/uploads\/2018\/09\/0_p_20180905_002853_vhdr_on2965773753192307780-695x391.jpg 695w, http:\/\/blitzconquista.com.br\/wp-content\/uploads\/2018\/09\/0_p_20180905_002853_vhdr_on2965773753192307780-990x557.jpg 990w, http:\/\/blitzconquista.com.br\/wp-content\/uploads\/2018\/09\/0_p_20180905_002853_vhdr_on2965773753192307780-1320x743.jpg 1320w, http:\/\/blitzconquista.com.br\/wp-content\/uploads\/2018\/09\/0_p_20180905_002853_vhdr_on2965773753192307780-470x264.jpg 470w, http:\/\/blitzconquista.com.br\/wp-content\/uploads\/2018\/09\/0_p_20180905_002853_vhdr_on2965773753192307780-640x360.jpg 640w, http:\/\/blitzconquista.com.br\/wp-content\/uploads\/2018\/09\/0_p_20180905_002853_vhdr_on2965773753192307780-215x120.jpg 215w, http:\/\/blitzconquista.com.br\/wp-content\/uploads\/2018\/09\/0_p_20180905_002853_vhdr_on2965773753192307780-414x232.jpg 414w\" sizes=\"(max-width: 2328px) 100vw, 2328px\" \/><\/p>\n<p>O Samu 192 esteve no local e constatou a morte.<\/p>\n<p>C\u00e1psulas de muni\u00e7\u00f5es calibre .45 foram encontradas no local.<\/p>\n<p>A Pol\u00edcia ainda n\u00e3o tem informa\u00e7\u00f5es sobre a motiva\u00e7\u00e3o e autoria do crime.<\/p>\n","protected":false},"excerpt":{"rendered":"<p>Fl\u00e1vio Rocha da Silva foi assassinado a tiros no final da noite dessa ter\u00e7a-feira (04), enquanto dirigia na Av. Brumado, no bairro Brasil, em Vit\u00f3ria da Conquista. Testemunhas disseram que a v\u00edtima conduzia o ve\u00edculo, quando dois homens numa motocicleta acompanharam o ve\u00edculo e atiraram no condutor. O carro parou alguns metros a frente. O [&hellip;]<\/p>\n","protected":false},"author":1,"featured_media":74861,"comment_status":"closed","ping_status":"closed","sticky":false,"template":"","format":"standard","meta":[],"categories":[212,3],"tags":[],"_links":{"self":[{"href":"http:\/\/blitzconquista.com.br\/index.php?rest_route=\/wp\/v2\/posts\/74852"}],"collection":[{"href":"http:\/\/blitzconquista.com.br\/index.php?rest_route=\/wp\/v2\/posts"}],"about":[{"href":"http:\/\/blitzconquista.com.br\/index.php?rest_route=\/wp\/v2\/types\/post"}],"author":[{"embeddable":true,"href":"http:\/\/blitzconquista.com.br\/index.php?rest_route=\/wp\/v2\/users\/1"}],"replies":[{"embeddable":true,"href":"http:\/\/blitzconquista.com.br\/index.php?rest_route=%2Fwp%2Fv2%2Fcomments&post=74852"}],"version-history":[{"count":5,"href":"http:\/\/blitzconquista.com.br\/index.php?rest_route=\/wp\/v2\/posts\/74852\/revisions"}],"predecessor-version":[{"id":74864,"href":"http:\/\/blitzconquista.com.br\/index.php?rest_route=\/wp\/v2\/posts\/74852\/revisions\/74864"}],"wp:featuredmedia":[{"embeddable":true,"href":"http:\/\/blitzconquista.com.br\/index.php?rest_route=\/wp\/v2\/media\/74861"}],"wp:attachment":[{"href":"http:\/\/blitzconquista.com.br\/index.php?rest_route=%2Fwp%2Fv2%2Fmedia&parent=74852"}],"wp:term":[{"taxonomy":"category","embeddable":true,"href":"http:\/\/blitzconquista.com.br\/index.php?rest_route=%2Fwp%2Fv2%2Fcategories&post=74852"},{"taxonomy":"post_tag","embeddable":true,"href":"http:\/\/blitzconquista.com.br\/index.php?rest_route=%2Fwp%2Fv2%2Ftags&post=74852"}],"curies":[{"name":"wp","href":"https:\/\/api.w.org\/{rel}","templated":true}]}}