{"id":74923,"date":"2018-09-09T23:13:13","date_gmt":"2018-09-10T02:13:13","guid":{"rendered":"http:\/\/blitzconquista.com.br\/?p=74923"},"modified":"2018-09-09T23:13:13","modified_gmt":"2018-09-10T02:13:13","slug":"video-desfile-de-7-de-setembro-e-marcado-por-protestos-dos-professores-em-conquista","status":"publish","type":"post","link":"http:\/\/blitzconquista.com.br\/?p=74923","title":{"rendered":"V\u00cdDEO: desfile de 7 de Setembro \u00e9 marcado por protestos dos professores em Conquista"},"content":{"rendered":"<p>O tradicional desfile de 7 de Setembro, data da Independ\u00eancia do Brasil, foi marcado pelo fervoroso protesto dos professores municipais. Logo cedo, os funcion\u00e1rios p\u00fablicos se posicionaram em frente \u00e0 tribuna de honra, reservada ao prefeito Herzem Gusm\u00e3o, sua vice, Irma Lemos e demais autoridades convidadas pelo chefe do Executivo.<\/p>\n<p><img decoding=\"async\" loading=\"lazy\" class=\"aligncenter size-full wp-image-74924\" src=\"http:\/\/blitzconquista.com.br\/wp-content\/uploads\/2018\/09\/prefeito_cara_ruim.jpg\" alt=\"\" width=\"713\" height=\"485\" srcset=\"http:\/\/blitzconquista.com.br\/wp-content\/uploads\/2018\/09\/prefeito_cara_ruim.jpg 713w, http:\/\/blitzconquista.com.br\/wp-content\/uploads\/2018\/09\/prefeito_cara_ruim-300x204.jpg 300w, http:\/\/blitzconquista.com.br\/wp-content\/uploads\/2018\/09\/prefeito_cara_ruim-695x473.jpg 695w, http:\/\/blitzconquista.com.br\/wp-content\/uploads\/2018\/09\/prefeito_cara_ruim-379x259.jpg 379w\" sizes=\"(max-width: 713px) 100vw, 713px\" \/><\/p>\n<p>Munidos de cartazes e at\u00e9 de uma gigantesca mala preta escrita \u201cFundeb\u201d, os professores gritavam, \u201cdevolva meu sal\u00e1rio, devolva meu sal\u00e1rio\u201d. O pedido inusitado tem a ver com o desconto de 50% na folha de pagamento dos funcion\u00e1rios p\u00fablicos pelos 24 dias em que estiveram em greve.\u00a0\u00a0A decis\u00e3o pegou os educadores de surpresa, uma vez que a Ju\u00edza Simone Soares de Oliveira Chaves, em\u00a0decis\u00e3o interlocut\u00f3ria,\u00a0n\u00e3o havia considerado a greve ilegal e o Sindicato do Magist\u00e9rio P\u00fablico Municipal \u2013 SIMMP, j\u00e1 tinha aceitado repor os dias parados.\u00a0\u201cPereira cortou o sal\u00e1rio dos profissionais da educa\u00e7\u00e3o, apesar da greve ter sido considerada legal, apesar da disposi\u00e7\u00e3o da categoria em repor as aulas. Ele atropela de forma truculenta qualquer bom senso, \u00e9 cruel, covarde e ilegal\u201d, revoltou-se a presidente do SIMMP, Ana Cristina.<\/p>\n<p>&nbsp;<\/p>\n<p><strong>FUNDEB \u2013 PREFEITURA RECEBE QUASE 100 MILH\u00d5ES POR ANO<\/strong><\/p>\n<figure id=\"attachment_9876\" class=\"wp-caption alignleft\"><img decoding=\"async\" loading=\"lazy\" class=\"wp-image-9876\" src=\"http:\/\/blogdocaiquesantos.com.br\/wp-content\/uploads\/2018\/09\/FUNDEB.jpeg\" alt=\"\" width=\"325\" height=\"437\" \/><figcaption class=\"wp-caption-text\">Prefeitura de Conquista recebe quase 100 milh\u00f5es para gastar apenas com educa\u00e7\u00e3o<\/figcaption><\/figure>\n<p>Um outro tema do protesto dos professores \u00e9 a o pedido de mais transpar\u00eancia na utiliza\u00e7\u00e3o dos recursos do Fundo de Manuten\u00e7\u00e3o e Desenvolvimento da Educa\u00e7\u00e3o B\u00e1sica e de Valoriza\u00e7\u00e3o dos Profissionais da Educa\u00e7\u00e3o \u2013 Fundeb. Este dinheiro \u00e9 um fundo especial, de natureza cont\u00e1bil e de \u00e2mbito estadual, formado, na quase totalidade, por recursos provenientes dos impostos e transfer\u00eancias dos estados, Distrito Federal e munic\u00edpios, vinculados \u00e0 educa\u00e7\u00e3o por for\u00e7a do disposto no art. 212 da Constitui\u00e7\u00e3o Federal. Al\u00e9m desses recursos, ainda comp\u00f5e o Fundeb, a t\u00edtulo de complementa\u00e7\u00e3o, uma parcela de recursos federais, sempre que, no \u00e2mbito de cada Estado, seu valor por aluno n\u00e3o alcan\u00e7ar o m\u00ednimo definido nacionalmente. Independentemente da origem, todo o recurso gerado \u00e9 redistribu\u00eddo para aplica\u00e7\u00e3o exclusiva na educa\u00e7\u00e3o b\u00e1sica.<\/p>\n<p>A verba do Fundeb\u00a0varia m\u00eas a m\u00eas, justamente por se tratar da retirada de arrecada\u00e7\u00e3o de impostos espec\u00edficos e que s\u00e3o vari\u00e1veis ao longo do ano.\u00a0At\u00e9 o in\u00edcio de Setembro, j\u00e1 foi repassado esses valores para o munic\u00edpio de Vit\u00f3ria da Conquista. As datas dos repasses s\u00e3o dias: 10; 20 e 30 de cada m\u00eas. Ou seja, no m\u00eas atual, o executivo recebeu apenas uma parcela, restando ainda duas a serem recebidas.<\/p>\n<p>Por isso que a Secret\u00e1ria de Educa\u00e7\u00e3o tem o segundo maior or\u00e7amento da prefeitura, ficando atr\u00e1s apenas da sa\u00fade.A fun\u00e7\u00e3o do prefeito \u00e9 gerenciar o fundo. \u201cN\u00e3o \u00e9 poss\u00edvel destin\u00e1-lo como bem o aprouver. \u00c9 verba carimbada e tem destino certo. \u00c9 preciso muita fiscaliza\u00e7\u00e3o para que n\u00e3o haja desvio da verba.\u00a0Vale ressaltar ainda que o FUNDEB n\u00e3o a \u00fanica verba que comp\u00f5e o financiamento da educa\u00e7\u00e3o.O financiamento da educa\u00e7\u00e3o conta ainda com a contra partida municipal de no m\u00ednimo 25 por cento de arrecada\u00e7\u00e3o de impostos municipais. Tem ainda o sal\u00e1rio educa\u00e7\u00e3o\u201d, explica Ana Cristina, presidente do SIMMP.<\/p>\n<p>S\u00f3 no ano de 2018, a previs\u00e3o \u00e9 que a prefeitura receba quase 100 milh\u00f5es de reais.<\/p>\n<p><strong>PROFESSORES PEDEM DOA\u00c7\u00d5ES<\/strong><\/p>\n<p>O SIMMP, sindicato que representa todos dos professores e monitores de creches da rede municipal de Conquista, abriu contas no Banco do Brasil e Caixa Econ\u00f4mica Federal para angariar doa\u00e7\u00f5es aos professores. \u201cJ\u00e1 temos a ADUSB (Associa\u00e7\u00e3o dos Docentes da Uesb) e o Sindicato dos Banc\u00e1rios que v\u00e3o doar uma quantia em dep\u00f3sito e outros sindicatos tamb\u00e9m v\u00e3o doar\u201d, disse a presidente do Sindicato e professora, Ana Cristina. Os professores colocaram caixas nos supermercados da cidade, pedindo alimentos para os professores e monitores que tiveram os seus sal\u00e1rios subtra\u00eddos pela Prefeitura.<\/p>\n<p><iframe loading=\"lazy\" src=\"https:\/\/www.youtube.com\/embed\/5egmD_K1Ntg\" width=\"560\" height=\"315\" frameborder=\"0\" allowfullscreen=\"allowfullscreen\" data-mce-fragment=\"1\"><\/iframe><\/p>\n<p><strong>PREFEITO FECHA ESCOLAS NA ZONA RURAL<\/strong><\/p>\n<p>Logo em seu primeiro mandato, o prefeito e radialista Herzem Gusm\u00e3o, tamb\u00e9m se indisp\u00f4s com os moradores da zona rural. Sem consultar a comunidade nem entidades que representam a educa\u00e7\u00e3o, decretou o fechamento de 8 escolas. O caso se tornou mais grave, quando um grupo de moradores da Fazenda Retiro, Distrito de Pradoso, na zona rural de Vit\u00f3ria da Conquista,\u00a0gravou\u00a0 um v\u00eddeo, protestando contra o fechamento da \u00fanica escola que atendia \u00e0s crian\u00e7as da localidade.<\/p>\n<p>No v\u00eddeo, pais de alunos denunciam que foram induzidos a assinar uma peti\u00e7\u00e3o para melhorar o transporte escolar, quando na verdade seria uma autoriza\u00e7\u00e3o para o fechamento da escola. \u201cA escola foi fechada ilegalmente. Ningu\u00e9m sabia o que estava acontecendo. Eles vieram aqui com uma lista, para todo mundo aqui assinar, as m\u00e3es, o pessoal, assinou, sem saber que era para fechar a escola, enganaram todo mundo aqui\u201d, relata uma moradora que se identifica como Daniela.<\/p>\n<p><strong>ENTIDADES LIGADAS \u00c0 EDUCA\u00c7\u00c3O EMITIRAM NOTA DE REP\u00daDIO AO PREFEITO DE CONQUISTA<\/strong><\/p>\n<p>N\u00e3o foram apenas os professores e pais de alunos que recha\u00e7aram a atitude da prefeitura.\u00a0 Ap\u00f3s o\u00a0decreto do prefeito Herzem Gusm\u00e3o\u00a0que fechou 8 escolas na zona rural,\u00a0 diversos Grupos e Foruns que representam os educadores da Bahia emitiram uma Mo\u00e7\u00e3o de Rep\u00fadio contra o ato. De acordo com a nota, o prefeito cometeu \u201cum crime que viola a Lei 12.960\/2014\u201d pois n\u00e3o houve manifesta\u00e7\u00e3o do \u00f3rg\u00e3o normativo do respectivo sistema de ensino para considerar a justificativa apresentada pela Secretaria de Educa\u00e7\u00e3o e ent\u00e3o analisar o diagn\u00f3stico do impacto da a\u00e7\u00e3o..<\/p>\n<p>A Mo\u00e7\u00e3o ainda diz que era preciso o parecer do Conselho Municipal de Educa\u00e7\u00e3o, que deveria analisar a legisla\u00e7\u00e3o e as diretrizes educacionais p\u00e1trias, estadual e local, al\u00e9m de criar assembleia espec\u00edfica para discutir o tema nas comunidades envolvidas.<\/p>\n<p>A prefeitura alegou que o fechamento se deu pela\u00a0pequena quantidade de alunos e para conter gastos.<\/p>\n<p><a href=\"http:\/\/blogdocaiquesantos.com.br\/video-desfile-de-7-de-setembro-e-marcado-por-protestos-dos-professores-em-conquista\/\">*Blog do Ca\u00edque Santos<\/a><\/p>\n","protected":false},"excerpt":{"rendered":"<p>O tradicional desfile de 7 de Setembro, data da Independ\u00eancia do Brasil, foi marcado pelo fervoroso protesto dos professores municipais. Logo cedo, os funcion\u00e1rios p\u00fablicos se posicionaram em frente \u00e0 tribuna de honra, reservada ao prefeito Herzem Gusm\u00e3o, sua vice, Irma Lemos e demais autoridades convidadas pelo chefe do Executivo. Munidos de cartazes e at\u00e9 [&hellip;]<\/p>\n","protected":false},"author":1,"featured_media":74924,"comment_status":"closed","ping_status":"closed","sticky":false,"template":"","format":"standard","meta":[],"categories":[212,5],"tags":[],"_links":{"self":[{"href":"http:\/\/blitzconquista.com.br\/index.php?rest_route=\/wp\/v2\/posts\/74923"}],"collection":[{"href":"http:\/\/blitzconquista.com.br\/index.php?rest_route=\/wp\/v2\/posts"}],"about":[{"href":"http:\/\/blitzconquista.com.br\/index.php?rest_route=\/wp\/v2\/types\/post"}],"author":[{"embeddable":true,"href":"http:\/\/blitzconquista.com.br\/index.php?rest_route=\/wp\/v2\/users\/1"}],"replies":[{"embeddable":true,"href":"http:\/\/blitzconquista.com.br\/index.php?rest_route=%2Fwp%2Fv2%2Fcomments&post=74923"}],"version-history":[{"count":1,"href":"http:\/\/blitzconquista.com.br\/index.php?rest_route=\/wp\/v2\/posts\/74923\/revisions"}],"predecessor-version":[{"id":74925,"href":"http:\/\/blitzconquista.com.br\/index.php?rest_route=\/wp\/v2\/posts\/74923\/revisions\/74925"}],"wp:featuredmedia":[{"embeddable":true,"href":"http:\/\/blitzconquista.com.br\/index.php?rest_route=\/wp\/v2\/media\/74924"}],"wp:attachment":[{"href":"http:\/\/blitzconquista.com.br\/index.php?rest_route=%2Fwp%2Fv2%2Fmedia&parent=74923"}],"wp:term":[{"taxonomy":"category","embeddable":true,"href":"http:\/\/blitzconquista.com.br\/index.php?rest_route=%2Fwp%2Fv2%2Fcategories&post=74923"},{"taxonomy":"post_tag","embeddable":true,"href":"http:\/\/blitzconquista.com.br\/index.php?rest_route=%2Fwp%2Fv2%2Ftags&post=74923"}],"curies":[{"name":"wp","href":"https:\/\/api.w.org\/{rel}","templated":true}]}}