{"id":74953,"date":"2018-09-10T16:07:28","date_gmt":"2018-09-10T19:07:28","guid":{"rendered":"http:\/\/blitzconquista.com.br\/?p=74953"},"modified":"2018-09-10T16:07:28","modified_gmt":"2018-09-10T19:07:28","slug":"peto-captura-criminoso-suspeito-de-tentar-matar-jovem-no-aparecida","status":"publish","type":"post","link":"http:\/\/blitzconquista.com.br\/?p=74953","title":{"rendered":"Peto captura criminoso suspeito de tentar matar jovem no Aparecida"},"content":{"rendered":"<p>Ant\u00f4nio Teles Neto, 22 anos, apontado pela pol\u00edcia como um dos autores da tentativa de homic\u00eddio, fato ocorrido na \u00faltima quarta-feira (05), no bairro Nossa Senhora Aparecida, foi capturado pelo peto da 77\u00aa Cipm na rodovi\u00e1ria.<\/p>\n<figure id=\"attachment_74954\" aria-describedby=\"caption-attachment-74954\" style=\"width: 709px\" class=\"wp-caption aligncenter\"><img decoding=\"async\" loading=\"lazy\" class=\"size-full wp-image-74954\" src=\"http:\/\/blitzconquista.com.br\/wp-content\/uploads\/2018\/09\/Ant\u00f4nio-Teles-Neto-22anos.jpg\" alt=\"\" width=\"709\" height=\"444\" srcset=\"http:\/\/blitzconquista.com.br\/wp-content\/uploads\/2018\/09\/Ant\u00f4nio-Teles-Neto-22anos.jpg 709w, http:\/\/blitzconquista.com.br\/wp-content\/uploads\/2018\/09\/Ant\u00f4nio-Teles-Neto-22anos-300x188.jpg 300w, http:\/\/blitzconquista.com.br\/wp-content\/uploads\/2018\/09\/Ant\u00f4nio-Teles-Neto-22anos-695x435.jpg 695w, http:\/\/blitzconquista.com.br\/wp-content\/uploads\/2018\/09\/Ant\u00f4nio-Teles-Neto-22anos-320x200.jpg 320w\" sizes=\"(max-width: 709px) 100vw, 709px\" \/><figcaption id=\"caption-attachment-74954\" class=\"wp-caption-text\">Ant\u00f4nio Teles Neto, 22anos<\/figcaption><\/figure>\n<p>Ant\u00f4nio foi surpreendido na rodovi\u00e1ria no momento que tentava fugir para cidade de Mutu\u00edpe.<\/p>\n<p>De acordo com a pol\u00edcia, Ant\u00f4nio e Wevely Gustavo Castro Viana, tentaram matar Wilian santos nacimento, 26 anos, por disputa do tr\u00e1fico de drogas na regi\u00e3o.<\/p>\n<figure id=\"attachment_74886\" aria-describedby=\"caption-attachment-74886\" style=\"width: 581px\" class=\"wp-caption aligncenter\"><img decoding=\"async\" loading=\"lazy\" class=\"size-full wp-image-74886\" src=\"http:\/\/blitzconquista.com.br\/wp-content\/uploads\/2018\/09\/Wevely-Gustavo-Castro-Viana.jpg\" alt=\"\" width=\"581\" height=\"415\" srcset=\"http:\/\/blitzconquista.com.br\/wp-content\/uploads\/2018\/09\/Wevely-Gustavo-Castro-Viana.jpg 581w, http:\/\/blitzconquista.com.br\/wp-content\/uploads\/2018\/09\/Wevely-Gustavo-Castro-Viana-300x214.jpg 300w\" sizes=\"(max-width: 581px) 100vw, 581px\" \/><figcaption id=\"caption-attachment-74886\" class=\"wp-caption-text\">Wevely Gustavo Castro Viana<\/figcaption><\/figure>\n<ul>\n<li><strong><a href=\"http:\/\/blitzconquista.com.br\/pc-prende-suspeito-de-participar-da-tentativa-de-homicidio-no-aparecida\/\">PC prende suspeito de participar da tentativa de homic\u00eddio no Aparecida<\/a><\/strong><\/li>\n<\/ul>\n<p>Wevely foi preso pela equipe da Delegacia de Homic\u00eddios, horas depois do crime. Ele teria confessado o crime e revelado a participa\u00e7\u00e3o de Ant\u00f4nio, que foi beneficiado pelo \u201csa\u00edd\u00e3o da Independ\u00eancia\u201d desde o \u00faltimo dia 03\/09.<\/p>\n","protected":false},"excerpt":{"rendered":"<p>Ant\u00f4nio Teles Neto, 22 anos, apontado pela pol\u00edcia como um dos autores da tentativa de homic\u00eddio, fato ocorrido na \u00faltima quarta-feira (05), no bairro Nossa Senhora Aparecida, foi capturado pelo peto da 77\u00aa Cipm na rodovi\u00e1ria. Ant\u00f4nio foi surpreendido na rodovi\u00e1ria no momento que tentava fugir para cidade de Mutu\u00edpe. De acordo com a pol\u00edcia, [&hellip;]<\/p>\n","protected":false},"author":1,"featured_media":74954,"comment_status":"closed","ping_status":"closed","sticky":false,"template":"","format":"standard","meta":[],"categories":[3],"tags":[],"_links":{"self":[{"href":"http:\/\/blitzconquista.com.br\/index.php?rest_route=\/wp\/v2\/posts\/74953"}],"collection":[{"href":"http:\/\/blitzconquista.com.br\/index.php?rest_route=\/wp\/v2\/posts"}],"about":[{"href":"http:\/\/blitzconquista.com.br\/index.php?rest_route=\/wp\/v2\/types\/post"}],"author":[{"embeddable":true,"href":"http:\/\/blitzconquista.com.br\/index.php?rest_route=\/wp\/v2\/users\/1"}],"replies":[{"embeddable":true,"href":"http:\/\/blitzconquista.com.br\/index.php?rest_route=%2Fwp%2Fv2%2Fcomments&post=74953"}],"version-history":[{"count":1,"href":"http:\/\/blitzconquista.com.br\/index.php?rest_route=\/wp\/v2\/posts\/74953\/revisions"}],"predecessor-version":[{"id":74955,"href":"http:\/\/blitzconquista.com.br\/index.php?rest_route=\/wp\/v2\/posts\/74953\/revisions\/74955"}],"wp:featuredmedia":[{"embeddable":true,"href":"http:\/\/blitzconquista.com.br\/index.php?rest_route=\/wp\/v2\/media\/74954"}],"wp:attachment":[{"href":"http:\/\/blitzconquista.com.br\/index.php?rest_route=%2Fwp%2Fv2%2Fmedia&parent=74953"}],"wp:term":[{"taxonomy":"category","embeddable":true,"href":"http:\/\/blitzconquista.com.br\/index.php?rest_route=%2Fwp%2Fv2%2Fcategories&post=74953"},{"taxonomy":"post_tag","embeddable":true,"href":"http:\/\/blitzconquista.com.br\/index.php?rest_route=%2Fwp%2Fv2%2Ftags&post=74953"}],"curies":[{"name":"wp","href":"https:\/\/api.w.org\/{rel}","templated":true}]}}