{"id":75074,"date":"2018-09-12T19:35:34","date_gmt":"2018-09-12T22:35:34","guid":{"rendered":"http:\/\/blitzconquista.com.br\/?p=75074"},"modified":"2018-09-12T19:35:34","modified_gmt":"2018-09-12T22:35:34","slug":"dte-prende-suspeito-de-trafico-que-atuava-no-centro-comercial-de-conquista","status":"publish","type":"post","link":"http:\/\/blitzconquista.com.br\/?p=75074","title":{"rendered":"DTE prende suspeito de tr\u00e1fico que atuava no Centro comercial de Conquista"},"content":{"rendered":"<p>A Pol\u00edcia Civil, atrav\u00e9s da equipe da DTE &#8211; Delegacia de T\u00f3xicos e Entorpecentes, prendeu nessa quarta-feira (12) o suspeito Marivaldo Viana de Jesus, vulgo Sans\u00e3o, de 34 anos, em cumprimento a dois mandados de pris\u00e3o expedidos pela Justi\u00e7a.<\/p>\n<p><img decoding=\"async\" loading=\"lazy\" class=\"aligncenter size-full wp-image-75077\" src=\"http:\/\/blitzconquista.com.br\/wp-content\/uploads\/2018\/09\/DTE-prende-suspeito-de-tr\u00e1fico-que-atuava-no-Centro-comercial-de-Conquista-.jpg\" alt=\"\" width=\"717\" height=\"464\" srcset=\"http:\/\/blitzconquista.com.br\/wp-content\/uploads\/2018\/09\/DTE-prende-suspeito-de-tr\u00e1fico-que-atuava-no-Centro-comercial-de-Conquista-.jpg 717w, http:\/\/blitzconquista.com.br\/wp-content\/uploads\/2018\/09\/DTE-prende-suspeito-de-tr\u00e1fico-que-atuava-no-Centro-comercial-de-Conquista--300x194.jpg 300w, http:\/\/blitzconquista.com.br\/wp-content\/uploads\/2018\/09\/DTE-prende-suspeito-de-tr\u00e1fico-que-atuava-no-Centro-comercial-de-Conquista--695x450.jpg 695w\" sizes=\"(max-width: 717px) 100vw, 717px\" \/><\/p>\n<p>De acordo com a PC, os investigadores da Delegacia especializada, ap\u00f3s investiga\u00e7\u00f5es, efetuaram uma busca na casa do suspeito, localizada no Bairro Santa Terezinha, onde foi apreendida maconha e coca\u00edna, pronta para comercializa\u00e7\u00e3o, dinheiro da atividade il\u00edcita e um ve\u00edculo Ford Fiesta usado pelo autor no tr\u00e1fico de drogas.<\/p>\n<p>Ainda segundo a pol\u00edcia, o suspeito j\u00e1 possu\u00eda antecedentes policias por tr\u00e1fico de drogas e roubo na cidade de Medina-MG e era apontado nas investiga\u00e7\u00f5es da DTE como gerente do tr\u00e1fico que atuava e fornecia drogas na pra\u00e7a em frente ao hospital S\u00e3o Vicente, no Centro de Vit\u00f3ria da Conquista.<\/p>\n<p><img decoding=\"async\" loading=\"lazy\" class=\"aligncenter  wp-image-75078\" src=\"http:\/\/blitzconquista.com.br\/wp-content\/uploads\/2018\/09\/c3832820-0eb5-4a71-8b76-3abb71c1e939-1.jpg\" alt=\"\" width=\"477\" height=\"358\" srcset=\"http:\/\/blitzconquista.com.br\/wp-content\/uploads\/2018\/09\/c3832820-0eb5-4a71-8b76-3abb71c1e939-1.jpg 1032w, http:\/\/blitzconquista.com.br\/wp-content\/uploads\/2018\/09\/c3832820-0eb5-4a71-8b76-3abb71c1e939-1-300x225.jpg 300w, http:\/\/blitzconquista.com.br\/wp-content\/uploads\/2018\/09\/c3832820-0eb5-4a71-8b76-3abb71c1e939-1-768x576.jpg 768w, http:\/\/blitzconquista.com.br\/wp-content\/uploads\/2018\/09\/c3832820-0eb5-4a71-8b76-3abb71c1e939-1-695x521.jpg 695w, http:\/\/blitzconquista.com.br\/wp-content\/uploads\/2018\/09\/c3832820-0eb5-4a71-8b76-3abb71c1e939-1-74x55.jpg 74w, http:\/\/blitzconquista.com.br\/wp-content\/uploads\/2018\/09\/c3832820-0eb5-4a71-8b76-3abb71c1e939-1-111x83.jpg 111w, http:\/\/blitzconquista.com.br\/wp-content\/uploads\/2018\/09\/c3832820-0eb5-4a71-8b76-3abb71c1e939-1-215x161.jpg 215w, http:\/\/blitzconquista.com.br\/wp-content\/uploads\/2018\/09\/c3832820-0eb5-4a71-8b76-3abb71c1e939-1-990x743.jpg 990w\" sizes=\"(max-width: 477px) 100vw, 477px\" \/><\/p>\n<p>Ap\u00f3s ser interrogado na DTE, onde confessou a propriedade das subst\u00e2ncias entorpecentes, o preso foi encaminhado para o Conjunto Penal de Conquista, onde ficar\u00e1 custodiado \u00e0 disposi\u00e7\u00e3o da Justi\u00e7a.<\/p>\n<p>Fonte:\u00a0 DTE \/ DRACO &#8211; Vit\u00f3ria da Conquista<\/p>\n","protected":false},"excerpt":{"rendered":"<p>A Pol\u00edcia Civil, atrav\u00e9s da equipe da DTE &#8211; Delegacia de T\u00f3xicos e Entorpecentes, prendeu nessa quarta-feira (12) o suspeito Marivaldo Viana de Jesus, vulgo Sans\u00e3o, de 34 anos, em cumprimento a dois mandados de pris\u00e3o expedidos pela Justi\u00e7a. De acordo com a PC, os investigadores da Delegacia especializada, ap\u00f3s investiga\u00e7\u00f5es, efetuaram uma busca na [&hellip;]<\/p>\n","protected":false},"author":1,"featured_media":75077,"comment_status":"closed","ping_status":"closed","sticky":false,"template":"","format":"standard","meta":[],"categories":[3],"tags":[],"_links":{"self":[{"href":"http:\/\/blitzconquista.com.br\/index.php?rest_route=\/wp\/v2\/posts\/75074"}],"collection":[{"href":"http:\/\/blitzconquista.com.br\/index.php?rest_route=\/wp\/v2\/posts"}],"about":[{"href":"http:\/\/blitzconquista.com.br\/index.php?rest_route=\/wp\/v2\/types\/post"}],"author":[{"embeddable":true,"href":"http:\/\/blitzconquista.com.br\/index.php?rest_route=\/wp\/v2\/users\/1"}],"replies":[{"embeddable":true,"href":"http:\/\/blitzconquista.com.br\/index.php?rest_route=%2Fwp%2Fv2%2Fcomments&post=75074"}],"version-history":[{"count":1,"href":"http:\/\/blitzconquista.com.br\/index.php?rest_route=\/wp\/v2\/posts\/75074\/revisions"}],"predecessor-version":[{"id":75079,"href":"http:\/\/blitzconquista.com.br\/index.php?rest_route=\/wp\/v2\/posts\/75074\/revisions\/75079"}],"wp:featuredmedia":[{"embeddable":true,"href":"http:\/\/blitzconquista.com.br\/index.php?rest_route=\/wp\/v2\/media\/75077"}],"wp:attachment":[{"href":"http:\/\/blitzconquista.com.br\/index.php?rest_route=%2Fwp%2Fv2%2Fmedia&parent=75074"}],"wp:term":[{"taxonomy":"category","embeddable":true,"href":"http:\/\/blitzconquista.com.br\/index.php?rest_route=%2Fwp%2Fv2%2Fcategories&post=75074"},{"taxonomy":"post_tag","embeddable":true,"href":"http:\/\/blitzconquista.com.br\/index.php?rest_route=%2Fwp%2Fv2%2Ftags&post=75074"}],"curies":[{"name":"wp","href":"https:\/\/api.w.org\/{rel}","templated":true}]}}