{"id":75120,"date":"2018-09-13T17:11:27","date_gmt":"2018-09-13T20:11:27","guid":{"rendered":"http:\/\/blitzconquista.com.br\/?p=75120"},"modified":"2018-09-13T17:22:25","modified_gmt":"2018-09-13T20:22:25","slug":"saiu-na-veja-gestao-desastrosa-de-herzem-gusmao-pode-prejudicar-alckmin-em-conquista","status":"publish","type":"post","link":"http:\/\/blitzconquista.com.br\/?p=75120","title":{"rendered":"Saiu na Veja: Gest\u00e3o \u201cdesastrosa&#8221; de H\u00e9rzem pode prejudicar Alckmin, em Conquista"},"content":{"rendered":"<p><img decoding=\"async\" loading=\"lazy\" class=\"wp-image-75119 alignnone size-full\" src=\"http:\/\/blitzconquista.com.br\/wp-content\/uploads\/2018\/09\/Photo-editing_Cloud20180913.jpg\" width=\"803\" height=\"629\" srcset=\"http:\/\/blitzconquista.com.br\/wp-content\/uploads\/2018\/09\/Photo-editing_Cloud20180913.jpg 803w, http:\/\/blitzconquista.com.br\/wp-content\/uploads\/2018\/09\/Photo-editing_Cloud20180913-300x235.jpg 300w, http:\/\/blitzconquista.com.br\/wp-content\/uploads\/2018\/09\/Photo-editing_Cloud20180913-768x602.jpg 768w, http:\/\/blitzconquista.com.br\/wp-content\/uploads\/2018\/09\/Photo-editing_Cloud20180913-695x544.jpg 695w\" sizes=\"(max-width: 803px) 100vw, 803px\" \/><\/p>\n<p>Mat\u00e9ria da Veja, sobre o receio dos candidatos ligado a ACM Neto de serem prejudicados, ao terem seus nomes associados a <strong>Geraldo Alckmin (PSDB), <\/strong>cita sobre o poss\u00edvel fracasso da legenda em Conquista, devido &#8220;a<span style=\"color:rgba(0,0,0,0.87); font-family:Roboto,sans-serif; font-size:16px; font-style:normal; font-variant-ligatures:normal; font-variant-caps:normal; font-weight:400; letter-spacing:normal; orphans:2text-indent:0px; text-transform:none; white-space:normal; widows:2; word-spacing:0px; -webkit-text-stroke-width:0px; text-decoration-style:initial; text-decoration-color:initial; display:inline!important; float:none; text-align:left;\"> gest\u00e3o \u201cdesastrosa\u201d do prefeito da cidade, H\u00e9rzem Gusm\u00e3o (MDB). <\/span>Em 2010 e 2014, respectivamente, <span style=\"color:rgba(0,0,0,0.87); font-family:Roboto,sans-serif; font-size:16px; font-style:normal; font-variant-ligatures:normal; font-variant-caps:normal; font-weight:400; letter-spacing:normal; orphans:2text-indent:0px; text-transform:none; white-space:normal; widows:2; word-spacing:0px; -webkit-text-stroke-width:0px; text-decoration-style:initial; text-decoration-color:initial; display:inline!important; float:none; text-align:left;\">Jos\u00e9 Serra e A\u00e9cio Neves venceram<\/span>&#8221; na cidade, o que pode n\u00e3o ocorrer nessas elei\u00e7\u00f5es, por conta do fracasso administrativo de Gusm\u00e3o Pereira.<\/p>\n<p><strong>Leia a mat\u00e9ria da Veja;<\/strong><\/p>\n<p style=\"margin:0px0px24px; color:rgba(0,0,0,0.87); font-family:Roboto,sans-serif; font-size:16px; font-style:normal; font-variant-ligatures:normal; font-variant-caps:normal; font-weight:400; letter-spacing:normal; orphans:2text-indent:0px; text-transform:none; white-space:normal; widows:2; word-spacing:0px; -webkit-text-stroke-width:0px; text-decoration-style:initial; text-decoration-color:initialtext-align:left; text-align:left;\">Presidente nacional do DEM e prefeito de Salvador,<span> <\/span><strong>ACM Neto<\/strong><span> <\/span>pediu aos aliados que intensifiquem campanha ao presidenci\u00e1vel<span> <\/span><strong>Geraldo Alckmin (PSDB)<\/strong><span> <\/span>na Bahia. O estado, quarto maior col\u00e9gio eleitoral do pa\u00eds, \u00e9 considerado um reduto petista e garantiu nos \u00faltimos pleitos vit\u00f3rias expressivas aos candidatos do partido.<\/p>\n<p style=\"margin:0px0px24px; color:rgba(0,0,0,0.87); font-family:Roboto,sans-serif; font-size:16px; font-style:normal; font-variant-ligatures:normal; font-variant-caps:normal; font-weight:400; letter-spacing:normal; orphans:2text-indent:0px; text-transform:none; white-space:normal; widows:2; word-spacing:0px; -webkit-text-stroke-width:0px; text-decoration-style:initial; text-decoration-color:initial; text-align:left;\">Segundo relataram aliados de ACM Neto a VEJA, candidatos a deputado federal ou estadual \u2014 ou da pr\u00f3pria chapa majorit\u00e1ria, exceto Jutahy Magalh\u00e3es, que disputa o Senado \u2014 temem perder votos com a exposi\u00e7\u00e3o associada ao tucano. Por isso a cobran\u00e7a \u00e9 direcionada apenas \u00e0s lideran\u00e7as pol\u00edticas que n\u00e3o concorrem a nenhum cargo este ano. A avalia\u00e7\u00e3o \u00e9 que eles n\u00e3o teriam motivos para n\u00e3o se expor.<\/p>\n<p>No grupo do presidente nacional do DEM, tamb\u00e9m h\u00e1 um temor de um eventual segundo turno entre Jair Bolsonaro (PSL) e Fernando Haddad (PT).<br \/>\n<span style=\"color:rgba(0,0,0,0.87); font-family:Roboto,sans-serif; font-size:16px; font-style:normal; font-variant-ligatures:normal; font-variant-caps:normal; font-weight:400; letter-spacing:normal; orphans:2text-indent:0px; text-transform:none; white-space:normal; widows:2; word-spacing:0px; -webkit-text-stroke-width:0px; text-decoration-style:initial; text-decoration-color:initial; display:inline!important; float:none; text-align:left;\">At\u00e9 em cidades baianas que garantiram vitorias tucanas nas \u00faltimas elei\u00e7\u00f5es, h\u00e1 um receio de fracasso neste pleito. <strong>\u00c9 o caso de Vit\u00f3ria da Conquista,<\/strong> onde Jos\u00e9 Serra e A\u00e9cio Neves venceram em 2010 e 2014, respectivamente. <strong>A gest\u00e3o \u201cdesastrosa\u201d do prefeito da cidade, H\u00e9rzem Gusm\u00e3o (MDB), pode prejudicar Alckmin<\/strong>, segundo interlocutores do prefeito da capital baiana.<\/span><\/p>\n<p><a href=\"https:\/\/veja.abril.com.br\/blog\/bahia\/acm-neto-livra-candidatos-aliados-de-fazer-campanha-por-alckmin\/amp\/\">Clique aqui e veja a mat\u00e9ria original<\/a><\/p>\n","protected":false},"excerpt":{"rendered":"<p>Mat\u00e9ria da Veja, sobre o receio dos candidatos ligado a ACM Neto de serem prejudicados, ao terem seus nomes associados a Geraldo Alckmin (PSDB), cita sobre o poss\u00edvel fracasso da legenda em Conquista, devido &#8220;a gest\u00e3o \u201cdesastrosa\u201d do prefeito da cidade, H\u00e9rzem Gusm\u00e3o (MDB). Em 2010 e 2014, respectivamente, Jos\u00e9 Serra e A\u00e9cio Neves venceram&#8221; [&hellip;]<\/p>\n","protected":false},"author":1,"featured_media":75119,"comment_status":"closed","ping_status":"closed","sticky":false,"template":"","format":"standard","meta":[],"categories":[212,5],"tags":[],"_links":{"self":[{"href":"http:\/\/blitzconquista.com.br\/index.php?rest_route=\/wp\/v2\/posts\/75120"}],"collection":[{"href":"http:\/\/blitzconquista.com.br\/index.php?rest_route=\/wp\/v2\/posts"}],"about":[{"href":"http:\/\/blitzconquista.com.br\/index.php?rest_route=\/wp\/v2\/types\/post"}],"author":[{"embeddable":true,"href":"http:\/\/blitzconquista.com.br\/index.php?rest_route=\/wp\/v2\/users\/1"}],"replies":[{"embeddable":true,"href":"http:\/\/blitzconquista.com.br\/index.php?rest_route=%2Fwp%2Fv2%2Fcomments&post=75120"}],"version-history":[{"count":3,"href":"http:\/\/blitzconquista.com.br\/index.php?rest_route=\/wp\/v2\/posts\/75120\/revisions"}],"predecessor-version":[{"id":75123,"href":"http:\/\/blitzconquista.com.br\/index.php?rest_route=\/wp\/v2\/posts\/75120\/revisions\/75123"}],"wp:featuredmedia":[{"embeddable":true,"href":"http:\/\/blitzconquista.com.br\/index.php?rest_route=\/wp\/v2\/media\/75119"}],"wp:attachment":[{"href":"http:\/\/blitzconquista.com.br\/index.php?rest_route=%2Fwp%2Fv2%2Fmedia&parent=75120"}],"wp:term":[{"taxonomy":"category","embeddable":true,"href":"http:\/\/blitzconquista.com.br\/index.php?rest_route=%2Fwp%2Fv2%2Fcategories&post=75120"},{"taxonomy":"post_tag","embeddable":true,"href":"http:\/\/blitzconquista.com.br\/index.php?rest_route=%2Fwp%2Fv2%2Ftags&post=75120"}],"curies":[{"name":"wp","href":"https:\/\/api.w.org\/{rel}","templated":true}]}}