{"id":75160,"date":"2018-09-15T20:53:19","date_gmt":"2018-09-15T23:53:19","guid":{"rendered":"http:\/\/blitzconquista.com.br\/?p=75160"},"modified":"2018-09-15T20:53:19","modified_gmt":"2018-09-15T23:53:19","slug":"haddad-arrasta-multidao-em-vitoria-da-conquista","status":"publish","type":"post","link":"http:\/\/blitzconquista.com.br\/?p=75160","title":{"rendered":"Haddad arrasta multid\u00e3o em Vit\u00f3ria da Conquista"},"content":{"rendered":"<p><img decoding=\"async\" loading=\"lazy\" class=\"aligncenter size-full wp-image-75163\" src=\"http:\/\/blitzconquista.com.br\/wp-content\/uploads\/2018\/09\/haddad-em-conquista.jpg\" alt=\"\" width=\"787\" height=\"463\" srcset=\"http:\/\/blitzconquista.com.br\/wp-content\/uploads\/2018\/09\/haddad-em-conquista.jpg 787w, http:\/\/blitzconquista.com.br\/wp-content\/uploads\/2018\/09\/haddad-em-conquista-300x176.jpg 300w, http:\/\/blitzconquista.com.br\/wp-content\/uploads\/2018\/09\/haddad-em-conquista-768x452.jpg 768w, http:\/\/blitzconquista.com.br\/wp-content\/uploads\/2018\/09\/haddad-em-conquista-695x409.jpg 695w\" sizes=\"(max-width: 787px) 100vw, 787px\" \/><\/p>\n<p>O presidenci\u00e1vel Fernando Haddad (PT) arrastou uma verdadeira multid\u00e3o em Vit\u00f3ria da Conquista, na manh\u00e3 desse s\u00e1bado (15).<\/p>\n<p><img decoding=\"async\" loading=\"lazy\" class=\"aligncenter size-full wp-image-75161\" src=\"http:\/\/blitzconquista.com.br\/wp-content\/uploads\/2018\/09\/DSC_0386ok.jpg\" alt=\"\" width=\"700\" height=\"464\" srcset=\"http:\/\/blitzconquista.com.br\/wp-content\/uploads\/2018\/09\/DSC_0386ok.jpg 700w, http:\/\/blitzconquista.com.br\/wp-content\/uploads\/2018\/09\/DSC_0386ok-300x200.jpg 300w, http:\/\/blitzconquista.com.br\/wp-content\/uploads\/2018\/09\/DSC_0386ok-695x461.jpg 695w, http:\/\/blitzconquista.com.br\/wp-content\/uploads\/2018\/09\/DSC_0386ok-470x313.jpg 470w, http:\/\/blitzconquista.com.br\/wp-content\/uploads\/2018\/09\/DSC_0386ok-130x86.jpg 130w, http:\/\/blitzconquista.com.br\/wp-content\/uploads\/2018\/09\/DSC_0386ok-187x124.jpg 187w\" sizes=\"(max-width: 700px) 100vw, 700px\" \/><\/p>\n<p>Acompanhado da vice Manuela D\u2019\u00c1vila, do governador e candidato a reelei\u00e7\u00e3o, Rui Costa, e do candidato ao senado, Jaques Wagner, Haddad escolheu o Sudoeste da Bahia para realizar seu primeiro ato de campanha, como candidato a presid\u00eancia, no Nordeste.<\/p>\n<p><img decoding=\"async\" loading=\"lazy\" class=\"aligncenter size-full wp-image-75162\" src=\"http:\/\/blitzconquista.com.br\/wp-content\/uploads\/2018\/09\/DSC_0421.jpg\" alt=\"\" width=\"700\" height=\"464\" srcset=\"http:\/\/blitzconquista.com.br\/wp-content\/uploads\/2018\/09\/DSC_0421.jpg 700w, http:\/\/blitzconquista.com.br\/wp-content\/uploads\/2018\/09\/DSC_0421-300x200.jpg 300w, http:\/\/blitzconquista.com.br\/wp-content\/uploads\/2018\/09\/DSC_0421-695x461.jpg 695w, http:\/\/blitzconquista.com.br\/wp-content\/uploads\/2018\/09\/DSC_0421-470x313.jpg 470w, http:\/\/blitzconquista.com.br\/wp-content\/uploads\/2018\/09\/DSC_0421-130x86.jpg 130w, http:\/\/blitzconquista.com.br\/wp-content\/uploads\/2018\/09\/DSC_0421-187x124.jpg 187w\" sizes=\"(max-width: 700px) 100vw, 700px\" \/><\/p>\n<p>Milhares de pessoas caminharam ao lado dos candidatos, da \u2018Pra\u00e7a da Normal\u2019 at\u00e9 a Pra\u00e7a Bar\u00e3o do Rio Branco, onde foi realizado um breve discurso.<\/p>\n<p>Ap\u00f3s a atividade pol\u00edtica em Conquista, os candidatos seguiram para Jequi\u00e9.<\/p>\n","protected":false},"excerpt":{"rendered":"<p>O presidenci\u00e1vel Fernando Haddad (PT) arrastou uma verdadeira multid\u00e3o em Vit\u00f3ria da Conquista, na manh\u00e3 desse s\u00e1bado (15). Acompanhado da vice Manuela D\u2019\u00c1vila, do governador e candidato a reelei\u00e7\u00e3o, Rui Costa, e do candidato ao senado, Jaques Wagner, Haddad escolheu o Sudoeste da Bahia para realizar seu primeiro ato de campanha, como candidato a presid\u00eancia, [&hellip;]<\/p>\n","protected":false},"author":1,"featured_media":75161,"comment_status":"closed","ping_status":"closed","sticky":false,"template":"","format":"standard","meta":[],"categories":[212,5],"tags":[],"_links":{"self":[{"href":"http:\/\/blitzconquista.com.br\/index.php?rest_route=\/wp\/v2\/posts\/75160"}],"collection":[{"href":"http:\/\/blitzconquista.com.br\/index.php?rest_route=\/wp\/v2\/posts"}],"about":[{"href":"http:\/\/blitzconquista.com.br\/index.php?rest_route=\/wp\/v2\/types\/post"}],"author":[{"embeddable":true,"href":"http:\/\/blitzconquista.com.br\/index.php?rest_route=\/wp\/v2\/users\/1"}],"replies":[{"embeddable":true,"href":"http:\/\/blitzconquista.com.br\/index.php?rest_route=%2Fwp%2Fv2%2Fcomments&post=75160"}],"version-history":[{"count":1,"href":"http:\/\/blitzconquista.com.br\/index.php?rest_route=\/wp\/v2\/posts\/75160\/revisions"}],"predecessor-version":[{"id":75164,"href":"http:\/\/blitzconquista.com.br\/index.php?rest_route=\/wp\/v2\/posts\/75160\/revisions\/75164"}],"wp:featuredmedia":[{"embeddable":true,"href":"http:\/\/blitzconquista.com.br\/index.php?rest_route=\/wp\/v2\/media\/75161"}],"wp:attachment":[{"href":"http:\/\/blitzconquista.com.br\/index.php?rest_route=%2Fwp%2Fv2%2Fmedia&parent=75160"}],"wp:term":[{"taxonomy":"category","embeddable":true,"href":"http:\/\/blitzconquista.com.br\/index.php?rest_route=%2Fwp%2Fv2%2Fcategories&post=75160"},{"taxonomy":"post_tag","embeddable":true,"href":"http:\/\/blitzconquista.com.br\/index.php?rest_route=%2Fwp%2Fv2%2Ftags&post=75160"}],"curies":[{"name":"wp","href":"https:\/\/api.w.org\/{rel}","templated":true}]}}