{"id":75172,"date":"2018-09-15T22:03:05","date_gmt":"2018-09-16T01:03:05","guid":{"rendered":"http:\/\/blitzconquista.com.br\/?p=75172"},"modified":"2018-09-15T22:03:05","modified_gmt":"2018-09-16T01:03:05","slug":"onibus-sem-janela-prefeitura-coloca-alunos-do-conquista-crianca-em-risco","status":"publish","type":"post","link":"http:\/\/blitzconquista.com.br\/?p=75172","title":{"rendered":"\u00d4nibus sem janela: Prefeitura coloca alunos do Conquista Crian\u00e7a em risco"},"content":{"rendered":"<p><img decoding=\"async\" loading=\"lazy\" class=\"aligncenter size-full wp-image-75173\" src=\"http:\/\/blitzconquista.com.br\/wp-content\/uploads\/2018\/09\/CONQUISTA-CRIAN\u00c7A-ALUNOS-EM-RISCO-ONIBUS-2.jpg\" alt=\"\" width=\"960\" height=\"720\" srcset=\"http:\/\/blitzconquista.com.br\/wp-content\/uploads\/2018\/09\/CONQUISTA-CRIAN\u00c7A-ALUNOS-EM-RISCO-ONIBUS-2.jpg 960w, http:\/\/blitzconquista.com.br\/wp-content\/uploads\/2018\/09\/CONQUISTA-CRIAN\u00c7A-ALUNOS-EM-RISCO-ONIBUS-2-300x225.jpg 300w, http:\/\/blitzconquista.com.br\/wp-content\/uploads\/2018\/09\/CONQUISTA-CRIAN\u00c7A-ALUNOS-EM-RISCO-ONIBUS-2-768x576.jpg 768w, http:\/\/blitzconquista.com.br\/wp-content\/uploads\/2018\/09\/CONQUISTA-CRIAN\u00c7A-ALUNOS-EM-RISCO-ONIBUS-2-695x521.jpg 695w, http:\/\/blitzconquista.com.br\/wp-content\/uploads\/2018\/09\/CONQUISTA-CRIAN\u00c7A-ALUNOS-EM-RISCO-ONIBUS-2-74x55.jpg 74w, http:\/\/blitzconquista.com.br\/wp-content\/uploads\/2018\/09\/CONQUISTA-CRIAN\u00c7A-ALUNOS-EM-RISCO-ONIBUS-2-111x83.jpg 111w, http:\/\/blitzconquista.com.br\/wp-content\/uploads\/2018\/09\/CONQUISTA-CRIAN\u00c7A-ALUNOS-EM-RISCO-ONIBUS-2-215x161.jpg 215w\" sizes=\"(max-width: 960px) 100vw, 960px\" \/><\/p>\n<p>O registro feito por uma popular demonstra o perigo oferecido por um dos \u00f4nibus utilizado para transporte de crian\u00e7as da Rede Municipal de Ensino de Vit\u00f3ria da Conquista.<\/p>\n<blockquote><p><span style=\"color: #ff0000;\"><strong>&#8220;Eu tirei a foto desta imprud\u00eancia hj durante o transporte de alunos dos campinhos ,isso Herzem Gusm\u00e3o n\u00e3o fiscaliza&#8221;<\/strong><\/span>, disse a popular que fez o registro.<\/p><\/blockquote>\n<p>Segundo apurou o BConquista, o ve\u00edculo transporta alunos do \u2018Conquista Crian\u00e7a\u2019.<\/p>\n<p>Sem no\u00e7\u00e3o do risco que estavam expostos, as crian\u00e7as se divertiam no momento que a popular fez a foto para demonstrar que o ve\u00edculo est\u00e1 sem janela.<\/p>\n<p><img decoding=\"async\" loading=\"lazy\" class=\"aligncenter size-full wp-image-75174\" src=\"http:\/\/blitzconquista.com.br\/wp-content\/uploads\/2018\/09\/CONQUISTA-CRIAN\u00c7A-ALUNOS-EM-RISCO-ONIBUS-1.jpg\" alt=\"\" width=\"700\" height=\"463\" srcset=\"http:\/\/blitzconquista.com.br\/wp-content\/uploads\/2018\/09\/CONQUISTA-CRIAN\u00c7A-ALUNOS-EM-RISCO-ONIBUS-1.jpg 700w, http:\/\/blitzconquista.com.br\/wp-content\/uploads\/2018\/09\/CONQUISTA-CRIAN\u00c7A-ALUNOS-EM-RISCO-ONIBUS-1-300x198.jpg 300w, http:\/\/blitzconquista.com.br\/wp-content\/uploads\/2018\/09\/CONQUISTA-CRIAN\u00c7A-ALUNOS-EM-RISCO-ONIBUS-1-695x460.jpg 695w, http:\/\/blitzconquista.com.br\/wp-content\/uploads\/2018\/09\/CONQUISTA-CRIAN\u00c7A-ALUNOS-EM-RISCO-ONIBUS-1-130x86.jpg 130w, http:\/\/blitzconquista.com.br\/wp-content\/uploads\/2018\/09\/CONQUISTA-CRIAN\u00c7A-ALUNOS-EM-RISCO-ONIBUS-1-187x124.jpg 187w\" sizes=\"(max-width: 700px) 100vw, 700px\" \/><\/p>\n<p>Os problemas com o Conquista Crian\u00e7a, escolas e creches da rede municipal de ensino n\u00e3o param por a\u00ed. Recentemente, uma m\u00e3e revelou que seus filhos s\u00e3o deixados na beira da estrada tendo que andar mais 8 quil\u00f4metros para chegarem em casa. Em algumas unidades, os alunos est\u00e3o sem transporte, o que pode levar a evas\u00e3o escolar.<\/p>\n<p>Outro problema s\u00e3o as den\u00fancias da falta de merenda nas unidades educacionais do munic\u00edpio. Os vereadores Valdemir e Viviane receberam den\u00fancia da falta de alimenta\u00e7\u00e3o numa creche. Eles foram a unidade na quinta (13) e constataram a veracidade das informa\u00e7\u00f5es.<\/p>\n<p>Em sua rede social o vereador Valdemir disse: <span style=\"color: #ff0000;\"><strong><em>\u201c&#8230;visitamos a Creche Municipal Recanto das \u00c1guas para averiguar as constantes den\u00fancias de falta de alimenta\u00e7\u00e3o escolar na unidade. Pudemos verificar, conversando com as pessoas, que realmente \u00e9 uma situa\u00e7\u00e3o cr\u00f4nica naquele estabelecimento. \u201d<\/em><\/strong><\/span><\/p>\n<p><iframe loading=\"lazy\" style=\"border: none; overflow: hidden;\" src=\"https:\/\/www.facebook.com\/plugins\/post.php?href=https%3A%2F%2Fwww.facebook.com%2Fluzinaide.silva.56%2Fposts%2F935671136624255&amp;width=500\" width=\"500\" height=\"669\" frameborder=\"0\" scrolling=\"no\"><\/iframe><\/p>\n<p>&nbsp;<\/p>\n","protected":false},"excerpt":{"rendered":"<p>O registro feito por uma popular demonstra o perigo oferecido por um dos \u00f4nibus utilizado para transporte de crian\u00e7as da Rede Municipal de Ensino de Vit\u00f3ria da Conquista. &#8220;Eu tirei a foto desta imprud\u00eancia hj durante o transporte de alunos dos campinhos ,isso Herzem Gusm\u00e3o n\u00e3o fiscaliza&#8221;, disse a popular que fez o registro. Segundo [&hellip;]<\/p>\n","protected":false},"author":1,"featured_media":75174,"comment_status":"closed","ping_status":"closed","sticky":false,"template":"","format":"standard","meta":[],"categories":[212,28],"tags":[],"_links":{"self":[{"href":"http:\/\/blitzconquista.com.br\/index.php?rest_route=\/wp\/v2\/posts\/75172"}],"collection":[{"href":"http:\/\/blitzconquista.com.br\/index.php?rest_route=\/wp\/v2\/posts"}],"about":[{"href":"http:\/\/blitzconquista.com.br\/index.php?rest_route=\/wp\/v2\/types\/post"}],"author":[{"embeddable":true,"href":"http:\/\/blitzconquista.com.br\/index.php?rest_route=\/wp\/v2\/users\/1"}],"replies":[{"embeddable":true,"href":"http:\/\/blitzconquista.com.br\/index.php?rest_route=%2Fwp%2Fv2%2Fcomments&post=75172"}],"version-history":[{"count":1,"href":"http:\/\/blitzconquista.com.br\/index.php?rest_route=\/wp\/v2\/posts\/75172\/revisions"}],"predecessor-version":[{"id":75176,"href":"http:\/\/blitzconquista.com.br\/index.php?rest_route=\/wp\/v2\/posts\/75172\/revisions\/75176"}],"wp:featuredmedia":[{"embeddable":true,"href":"http:\/\/blitzconquista.com.br\/index.php?rest_route=\/wp\/v2\/media\/75174"}],"wp:attachment":[{"href":"http:\/\/blitzconquista.com.br\/index.php?rest_route=%2Fwp%2Fv2%2Fmedia&parent=75172"}],"wp:term":[{"taxonomy":"category","embeddable":true,"href":"http:\/\/blitzconquista.com.br\/index.php?rest_route=%2Fwp%2Fv2%2Fcategories&post=75172"},{"taxonomy":"post_tag","embeddable":true,"href":"http:\/\/blitzconquista.com.br\/index.php?rest_route=%2Fwp%2Fv2%2Ftags&post=75172"}],"curies":[{"name":"wp","href":"https:\/\/api.w.org\/{rel}","templated":true}]}}