{"id":75184,"date":"2018-09-16T09:42:45","date_gmt":"2018-09-16T12:42:45","guid":{"rendered":"http:\/\/blitzconquista.com.br\/?p=75184"},"modified":"2018-09-16T09:42:45","modified_gmt":"2018-09-16T12:42:45","slug":"morreu-de-graca-frentista-e-assassinado-por-homem-que-levou-garrafada-em-festa","status":"publish","type":"post","link":"http:\/\/blitzconquista.com.br\/?p=75184","title":{"rendered":"Morreu &#8216;de gra\u00e7a&#8217;: frentista \u00e9 assassinado por homem que levou garrafada em festa"},"content":{"rendered":"<p><strong>Dupla foi presa em flagrante; atiraram no primeiro que viram.<\/strong><\/p>\n<p>O frentista Marcos Ant\u00f4nio Cardoso Viana, 50 anos, foi assassinado a tiros na Rua Santa Catarina, bairro Patag\u00f4nia, em frente ao Deserg.<\/p>\n<p><img decoding=\"async\" loading=\"lazy\" src=\"http:\/\/blitzconquista.com.br\/wp-content\/uploads\/2018\/09\/photo-editing_cloud201809163847606914546812949..jpg\" width=\"1806\" height=\"1163\" class=\"wp-image-75182 alignnone size-full\" srcset=\"http:\/\/blitzconquista.com.br\/wp-content\/uploads\/2018\/09\/photo-editing_cloud201809163847606914546812949..jpg 1806w, http:\/\/blitzconquista.com.br\/wp-content\/uploads\/2018\/09\/photo-editing_cloud201809163847606914546812949.-300x193.jpg 300w, http:\/\/blitzconquista.com.br\/wp-content\/uploads\/2018\/09\/photo-editing_cloud201809163847606914546812949.-768x495.jpg 768w, http:\/\/blitzconquista.com.br\/wp-content\/uploads\/2018\/09\/photo-editing_cloud201809163847606914546812949.-695x448.jpg 695w, http:\/\/blitzconquista.com.br\/wp-content\/uploads\/2018\/09\/photo-editing_cloud201809163847606914546812949.-990x638.jpg 990w, http:\/\/blitzconquista.com.br\/wp-content\/uploads\/2018\/09\/photo-editing_cloud201809163847606914546812949.-1320x850.jpg 1320w\" sizes=\"(max-width: 1806px) 100vw, 1806px\" \/><\/p>\n<p>A Pol\u00edcia foi acionada por populares que disseram ter ouvido estampidos e encontrado a vitima ca\u00edda em via p\u00fablica. Viaturas em deslocamento se depararam com dois suspeitos na Av. Integra\u00e7\u00e3o, que apresentavam ferimentos. Jos\u00e9 Moreira da Silva, 20 anos, acabou revelando aos militares que tinha acabado de atirar em um homem.<\/p>\n<p><img decoding=\"async\" loading=\"lazy\" src=\"http:\/\/blitzconquista.com.br\/wp-content\/uploads\/2018\/09\/0_p_20180916_091604_vhdr_on2477864474846282009.jpg\" width=\"2328\" height=\"1310\" class=\"wp-image-75181 alignnone size-full\" srcset=\"http:\/\/blitzconquista.com.br\/wp-content\/uploads\/2018\/09\/0_p_20180916_091604_vhdr_on2477864474846282009.jpg 2328w, http:\/\/blitzconquista.com.br\/wp-content\/uploads\/2018\/09\/0_p_20180916_091604_vhdr_on2477864474846282009-300x168.jpg 300w, http:\/\/blitzconquista.com.br\/wp-content\/uploads\/2018\/09\/0_p_20180916_091604_vhdr_on2477864474846282009-768x432.jpg 768w, http:\/\/blitzconquista.com.br\/wp-content\/uploads\/2018\/09\/0_p_20180916_091604_vhdr_on2477864474846282009-695x391.jpg 695w, http:\/\/blitzconquista.com.br\/wp-content\/uploads\/2018\/09\/0_p_20180916_091604_vhdr_on2477864474846282009-990x557.jpg 990w, http:\/\/blitzconquista.com.br\/wp-content\/uploads\/2018\/09\/0_p_20180916_091604_vhdr_on2477864474846282009-1320x743.jpg 1320w, http:\/\/blitzconquista.com.br\/wp-content\/uploads\/2018\/09\/0_p_20180916_091604_vhdr_on2477864474846282009-470x264.jpg 470w, http:\/\/blitzconquista.com.br\/wp-content\/uploads\/2018\/09\/0_p_20180916_091604_vhdr_on2477864474846282009-640x360.jpg 640w, http:\/\/blitzconquista.com.br\/wp-content\/uploads\/2018\/09\/0_p_20180916_091604_vhdr_on2477864474846282009-215x120.jpg 215w, http:\/\/blitzconquista.com.br\/wp-content\/uploads\/2018\/09\/0_p_20180916_091604_vhdr_on2477864474846282009-414x232.jpg 414w\" sizes=\"(max-width: 2328px) 100vw, 2328px\" \/><\/p>\n<p>A v\u00edtima estava na garupa de uma moto, trafegando pela via, quando foi alvejado.<\/p>\n<p>De acordo com a Pol\u00edcia, o autor confesso e Jeferson Pereira dos Santos, 22 anos, revelaram que estavam em um show e se envolveram numa briga, sendo feridos a garrafadas. Revoltados, eles foram a casa de Jos\u00e9, pegaram uma arma, sa\u00edram na rua e Jos\u00e9 atirou nas primeiras pessoas que passavam, ferindo fatalmente o frentista.<\/p>\n<p><img decoding=\"async\" loading=\"lazy\" src=\"http:\/\/blitzconquista.com.br\/wp-content\/uploads\/2018\/09\/0_P_20180916_091308_vHDR_On.jpg\" width=\"2328\" height=\"1310\" class=\"wp-image-75180 alignnone size-full\" srcset=\"http:\/\/blitzconquista.com.br\/wp-content\/uploads\/2018\/09\/0_P_20180916_091308_vHDR_On.jpg 2328w, http:\/\/blitzconquista.com.br\/wp-content\/uploads\/2018\/09\/0_P_20180916_091308_vHDR_On-300x168.jpg 300w, http:\/\/blitzconquista.com.br\/wp-content\/uploads\/2018\/09\/0_P_20180916_091308_vHDR_On-768x432.jpg 768w, http:\/\/blitzconquista.com.br\/wp-content\/uploads\/2018\/09\/0_P_20180916_091308_vHDR_On-695x391.jpg 695w, http:\/\/blitzconquista.com.br\/wp-content\/uploads\/2018\/09\/0_P_20180916_091308_vHDR_On-990x557.jpg 990w, http:\/\/blitzconquista.com.br\/wp-content\/uploads\/2018\/09\/0_P_20180916_091308_vHDR_On-1320x743.jpg 1320w, http:\/\/blitzconquista.com.br\/wp-content\/uploads\/2018\/09\/0_P_20180916_091308_vHDR_On-470x264.jpg 470w, http:\/\/blitzconquista.com.br\/wp-content\/uploads\/2018\/09\/0_P_20180916_091308_vHDR_On-640x360.jpg 640w, http:\/\/blitzconquista.com.br\/wp-content\/uploads\/2018\/09\/0_P_20180916_091308_vHDR_On-215x120.jpg 215w, http:\/\/blitzconquista.com.br\/wp-content\/uploads\/2018\/09\/0_P_20180916_091308_vHDR_On-414x232.jpg 414w\" sizes=\"(max-width: 2328px) 100vw, 2328px\" \/><\/p>\n<p>A arma do crime foi localizada na casa do autor confesso.<\/p>\n<p>O frentista n\u00e3o tinha antecedentes policiais.<\/p>\n<p>O autor do disparo e o comparsa foram levados ao hospital, antes de serem apresentados na delegacia.<\/p>\n","protected":false},"excerpt":{"rendered":"<p>Dupla foi presa em flagrante; atiraram no primeiro que viram. O frentista Marcos Ant\u00f4nio Cardoso Viana, 50 anos, foi assassinado a tiros na Rua Santa Catarina, bairro Patag\u00f4nia, em frente ao Deserg. A Pol\u00edcia foi acionada por populares que disseram ter ouvido estampidos e encontrado a vitima ca\u00edda em via p\u00fablica. Viaturas em deslocamento se [&hellip;]<\/p>\n","protected":false},"author":1,"featured_media":75180,"comment_status":"closed","ping_status":"closed","sticky":false,"template":"","format":"standard","meta":[],"categories":[212,3],"tags":[],"_links":{"self":[{"href":"http:\/\/blitzconquista.com.br\/index.php?rest_route=\/wp\/v2\/posts\/75184"}],"collection":[{"href":"http:\/\/blitzconquista.com.br\/index.php?rest_route=\/wp\/v2\/posts"}],"about":[{"href":"http:\/\/blitzconquista.com.br\/index.php?rest_route=\/wp\/v2\/types\/post"}],"author":[{"embeddable":true,"href":"http:\/\/blitzconquista.com.br\/index.php?rest_route=\/wp\/v2\/users\/1"}],"replies":[{"embeddable":true,"href":"http:\/\/blitzconquista.com.br\/index.php?rest_route=%2Fwp%2Fv2%2Fcomments&post=75184"}],"version-history":[{"count":1,"href":"http:\/\/blitzconquista.com.br\/index.php?rest_route=\/wp\/v2\/posts\/75184\/revisions"}],"predecessor-version":[{"id":75185,"href":"http:\/\/blitzconquista.com.br\/index.php?rest_route=\/wp\/v2\/posts\/75184\/revisions\/75185"}],"wp:featuredmedia":[{"embeddable":true,"href":"http:\/\/blitzconquista.com.br\/index.php?rest_route=\/wp\/v2\/media\/75180"}],"wp:attachment":[{"href":"http:\/\/blitzconquista.com.br\/index.php?rest_route=%2Fwp%2Fv2%2Fmedia&parent=75184"}],"wp:term":[{"taxonomy":"category","embeddable":true,"href":"http:\/\/blitzconquista.com.br\/index.php?rest_route=%2Fwp%2Fv2%2Fcategories&post=75184"},{"taxonomy":"post_tag","embeddable":true,"href":"http:\/\/blitzconquista.com.br\/index.php?rest_route=%2Fwp%2Fv2%2Ftags&post=75184"}],"curies":[{"name":"wp","href":"https:\/\/api.w.org\/{rel}","templated":true}]}}