{"id":75197,"date":"2018-09-16T19:30:31","date_gmt":"2018-09-16T22:30:31","guid":{"rendered":"http:\/\/blitzconquista.com.br\/?p=75197"},"modified":"2018-09-16T19:30:31","modified_gmt":"2018-09-16T22:30:31","slug":"video-atirei-confessa-homem-que-matou-frentista","status":"publish","type":"post","link":"http:\/\/blitzconquista.com.br\/?p=75197","title":{"rendered":"[V\u00cdDEO] Atirei: confessa homem que matou frentista"},"content":{"rendered":"<p>No v\u00eddeo, Jos\u00e9 Moreira da Silva, 20 anos<strong>,<\/strong> assassino confesso do frentista Marcos Ant\u00f4nio Cardoso Viana, 50 anos, confirma que atirou e matou a primeira pessoa que viu pela frente. Ao BConquista ele n\u00e3o quis dizer muito, mas, minutos depois, sorria sem remorso ao ouvir hist\u00f3rias contadas por outro conduzido acusado de agress\u00e3o familiar.<\/p>\n<p><strong>Veja o v\u00eddeo;<\/strong><\/p>\n<p><iframe loading=\"lazy\" src=\"https:\/\/www.youtube.com\/embed\/1C804FbUmtQ\" width=\"560\" height=\"315\" frameborder=\"0\" allowfullscreen=\"allowfullscreen\"><\/iframe><\/p>\n","protected":false},"excerpt":{"rendered":"<p>No v\u00eddeo, Jos\u00e9 Moreira da Silva, 20 anos, assassino confesso do frentista Marcos Ant\u00f4nio Cardoso Viana, 50 anos, confirma que atirou e matou a primeira pessoa que viu pela frente. Ao BConquista ele n\u00e3o quis dizer muito, mas, minutos depois, sorria sem remorso ao ouvir hist\u00f3rias contadas por outro conduzido acusado de agress\u00e3o familiar. Veja [&hellip;]<\/p>\n","protected":false},"author":1,"featured_media":75198,"comment_status":"closed","ping_status":"closed","sticky":false,"template":"","format":"standard","meta":[],"categories":[95,212,3],"tags":[],"_links":{"self":[{"href":"http:\/\/blitzconquista.com.br\/index.php?rest_route=\/wp\/v2\/posts\/75197"}],"collection":[{"href":"http:\/\/blitzconquista.com.br\/index.php?rest_route=\/wp\/v2\/posts"}],"about":[{"href":"http:\/\/blitzconquista.com.br\/index.php?rest_route=\/wp\/v2\/types\/post"}],"author":[{"embeddable":true,"href":"http:\/\/blitzconquista.com.br\/index.php?rest_route=\/wp\/v2\/users\/1"}],"replies":[{"embeddable":true,"href":"http:\/\/blitzconquista.com.br\/index.php?rest_route=%2Fwp%2Fv2%2Fcomments&post=75197"}],"version-history":[{"count":1,"href":"http:\/\/blitzconquista.com.br\/index.php?rest_route=\/wp\/v2\/posts\/75197\/revisions"}],"predecessor-version":[{"id":75199,"href":"http:\/\/blitzconquista.com.br\/index.php?rest_route=\/wp\/v2\/posts\/75197\/revisions\/75199"}],"wp:featuredmedia":[{"embeddable":true,"href":"http:\/\/blitzconquista.com.br\/index.php?rest_route=\/wp\/v2\/media\/75198"}],"wp:attachment":[{"href":"http:\/\/blitzconquista.com.br\/index.php?rest_route=%2Fwp%2Fv2%2Fmedia&parent=75197"}],"wp:term":[{"taxonomy":"category","embeddable":true,"href":"http:\/\/blitzconquista.com.br\/index.php?rest_route=%2Fwp%2Fv2%2Fcategories&post=75197"},{"taxonomy":"post_tag","embeddable":true,"href":"http:\/\/blitzconquista.com.br\/index.php?rest_route=%2Fwp%2Fv2%2Ftags&post=75197"}],"curies":[{"name":"wp","href":"https:\/\/api.w.org\/{rel}","templated":true}]}}