{"id":75253,"date":"2018-09-18T15:46:34","date_gmt":"2018-09-18T18:46:34","guid":{"rendered":"http:\/\/blitzconquista.com.br\/?p=75253"},"modified":"2018-09-18T15:46:34","modified_gmt":"2018-09-18T18:46:34","slug":"prefeitura-passa-a-denominar-transporte-em-vans-como-clandestino-e-apreende-veiculos","status":"publish","type":"post","link":"http:\/\/blitzconquista.com.br\/?p=75253","title":{"rendered":"Prefeitura passa a denominar transporte em vans como clandestino e apreende ve\u00edculos"},"content":{"rendered":"<p><strong>Dois ve\u00edculos foram apreendidos; relat\u00f3rio da Prefeitura diz que h\u00e1 mais de 400 clandestinos em circula\u00e7\u00e3o<\/strong><img decoding=\"async\" loading=\"lazy\" class=\"aligncenter size-full wp-image-75254\" src=\"http:\/\/blitzconquista.com.br\/wp-content\/uploads\/2018\/09\/PHOTO-2018-09-17-13-27-42.jpg\" alt=\"\" width=\"500\" height=\"310\" srcset=\"http:\/\/blitzconquista.com.br\/wp-content\/uploads\/2018\/09\/PHOTO-2018-09-17-13-27-42.jpg 500w, http:\/\/blitzconquista.com.br\/wp-content\/uploads\/2018\/09\/PHOTO-2018-09-17-13-27-42-300x186.jpg 300w\" sizes=\"(max-width: 500px) 100vw, 500px\" \/><\/p>\n<p>Ap\u00f3s um ano e nove meses, a Prefeitura de Vit\u00f3ria da Conquista passou a denominar o transporte de vans na cidade como clandestino e iniciou fiscaliza\u00e7\u00e3o com apreens\u00e3o de ve\u00edculos. Anteriormente o prefeito Herzem Gusm\u00e3o Pereira chamava a atividade il\u00edcita de \u2018alternativa\u2019, \u2018complementar\u2019 ou \u2018seletiva\u2019.<br \/>\nCom a press\u00e3o popular, do Minist\u00e9rio P\u00fablico e da empresa que atualmente domina o transporte de passageiros, n\u00e3o restou alternativa ao executivo que se viu foi obrigado a exercer seu papel fiscalizador. Por\u00e9m, a a\u00e7\u00e3o foi iniciada sem o Prefeito conseguir realizar a licita\u00e7\u00e3o do transporte por meio de vans. Durante campanha em 2016 e ainda quando assumiu a gest\u00e3o, Gusm\u00e3o Pereira afirmou que implantaria o servi\u00e7o em 100 dias.<br \/>\nSegundo site oficial, a Prefeitura Municipal de Vit\u00f3ria da Conquista intensificou as a\u00e7\u00f5es de fiscaliza\u00e7\u00e3o de transporte clandestino no per\u00edmetro urbano, com o apoio da Policia Rodovi\u00e1ria Federal (PRF) e Pol\u00edcia Militar (PM). Na manh\u00e3 desta segunda-feira (17) foram abordadas 28 vans, sendo duas apreendidas.<br \/>\nSegundo a Secretaria Municipal de Mobilidade Urbana, a maioria das vans atua no transporte rural e no transporte intermunicipal, outras s\u00e3o empregadas no transporte de mercadorias. Todos os ve\u00edculos foram fiscalizados com base nas exig\u00eancias legais.<\/p>\n","protected":false},"excerpt":{"rendered":"<p>Dois ve\u00edculos foram apreendidos; relat\u00f3rio da Prefeitura diz que h\u00e1 mais de 400 clandestinos em circula\u00e7\u00e3o Ap\u00f3s um ano e nove meses, a Prefeitura de Vit\u00f3ria da Conquista passou a denominar o transporte de vans na cidade como clandestino e iniciou fiscaliza\u00e7\u00e3o com apreens\u00e3o de ve\u00edculos. Anteriormente o prefeito Herzem Gusm\u00e3o Pereira chamava a atividade [&hellip;]<\/p>\n","protected":false},"author":1,"featured_media":75254,"comment_status":"closed","ping_status":"closed","sticky":false,"template":"","format":"standard","meta":[],"categories":[4,212],"tags":[],"_links":{"self":[{"href":"http:\/\/blitzconquista.com.br\/index.php?rest_route=\/wp\/v2\/posts\/75253"}],"collection":[{"href":"http:\/\/blitzconquista.com.br\/index.php?rest_route=\/wp\/v2\/posts"}],"about":[{"href":"http:\/\/blitzconquista.com.br\/index.php?rest_route=\/wp\/v2\/types\/post"}],"author":[{"embeddable":true,"href":"http:\/\/blitzconquista.com.br\/index.php?rest_route=\/wp\/v2\/users\/1"}],"replies":[{"embeddable":true,"href":"http:\/\/blitzconquista.com.br\/index.php?rest_route=%2Fwp%2Fv2%2Fcomments&post=75253"}],"version-history":[{"count":1,"href":"http:\/\/blitzconquista.com.br\/index.php?rest_route=\/wp\/v2\/posts\/75253\/revisions"}],"predecessor-version":[{"id":75255,"href":"http:\/\/blitzconquista.com.br\/index.php?rest_route=\/wp\/v2\/posts\/75253\/revisions\/75255"}],"wp:featuredmedia":[{"embeddable":true,"href":"http:\/\/blitzconquista.com.br\/index.php?rest_route=\/wp\/v2\/media\/75254"}],"wp:attachment":[{"href":"http:\/\/blitzconquista.com.br\/index.php?rest_route=%2Fwp%2Fv2%2Fmedia&parent=75253"}],"wp:term":[{"taxonomy":"category","embeddable":true,"href":"http:\/\/blitzconquista.com.br\/index.php?rest_route=%2Fwp%2Fv2%2Fcategories&post=75253"},{"taxonomy":"post_tag","embeddable":true,"href":"http:\/\/blitzconquista.com.br\/index.php?rest_route=%2Fwp%2Fv2%2Ftags&post=75253"}],"curies":[{"name":"wp","href":"https:\/\/api.w.org\/{rel}","templated":true}]}}