{"id":75333,"date":"2018-09-23T19:42:08","date_gmt":"2018-09-23T22:42:08","guid":{"rendered":"http:\/\/blitzconquista.com.br\/?p=75333"},"modified":"2018-09-23T19:42:29","modified_gmt":"2018-09-23T22:42:29","slug":"prf-prende-duas-mulheres-com-quase-100-kg-de-drogas-em-conquista","status":"publish","type":"post","link":"http:\/\/blitzconquista.com.br\/?p=75333","title":{"rendered":"PRF prende duas mulheres com quase 100 kg de drogas em Conquista"},"content":{"rendered":"<h4 style=\"border:0px; font-variant-ligatures:normal; font-variant-caps:normal; font-variant-numeric:inherit; font-variant-east-asian:inherit; font-stretch:inherit; line-height:1.2; font-family:\" opensanssans-serif=\"opensanssans-serif\" _15px=\"font-size:_15px\" italic=\"font-style:italic\" normal=\"white-space:normal\" _0px=\"_-webkit-text-stroke-width:_0px\" _0px0px18px=\"padding:_0px0px18px\" baseline=\"vertical-align:baseline\" rgb01375letter-spacingnormal=\"color:rgb01375letter-spacingnormal\" _2=\"widows:_2\" none=\"text-transform:none\" rgb255255255=\"background-color:rgb255255255\" initial=\"text-decoration-color:initial\" center=\"text-align:center\">Presas durante fiscaliza\u00e7\u00e3o da Pol\u00edcia Rodovi\u00e1ria Federal na tarde de hoje (23), elas pretendiam levar o entorpecente para Recife, Pernambuco.<\/h4>\n<p><img decoding=\"async\" loading=\"lazy\" class=\"wp-image-75331 alignnone size-full\" src=\"http:\/\/blitzconquista.com.br\/wp-content\/uploads\/2018\/09\/img-20180923-wa005855562693011761759.jpg\" width=\"960\" height=\"1280\" srcset=\"http:\/\/blitzconquista.com.br\/wp-content\/uploads\/2018\/09\/img-20180923-wa005855562693011761759.jpg 960w, http:\/\/blitzconquista.com.br\/wp-content\/uploads\/2018\/09\/img-20180923-wa005855562693011761759-225x300.jpg 225w, http:\/\/blitzconquista.com.br\/wp-content\/uploads\/2018\/09\/img-20180923-wa005855562693011761759-768x1024.jpg 768w, http:\/\/blitzconquista.com.br\/wp-content\/uploads\/2018\/09\/img-20180923-wa005855562693011761759-490x653.jpg 490w\" sizes=\"(max-width: 960px) 100vw, 960px\" \/><\/p>\n<p style=\"border:0px; font-variant-ligatures:normal; font-variant-caps:normal; font-variant-numeric:inherit; font-variant-east-asian:inherit; font-stretch:inherit; line-height:1.6; font-family:\" opensansserif=\"opensansserif\" _15px=\"font-size:_15px\" normal=\"white-space:normal\" _400=\"font-weight:_400\" _0px0px15px=\"margin:_0px0px15px\" _0px=\"_-webkit-text-stroke-width:_0px\" baselinecolorrgb686868=\"vertical-align:baselinecolorrgb686868\" _2=\"widows:_2\" none=\"text-transform:none\" rgb255255255=\"background-color:rgb255255255\" initial=\"text-decoration-color:initial\" left=\"text-align:left\">Policiais rodovi\u00e1rios federais apreenderam 93 kg de maconha que estavam sendo transportados em um \u00f4nibus na BR 116, trecho de Vit\u00f3ria da Conquista, no sudoeste baiano.<\/p>\n<p style=\"border:0px; font-variant-ligatures:normal; font-variant-caps:normal; font-variant-numeric:inherit; font-variant-east-asian:inherit; font-stretch:inherit; line-height:1.6; font-family:\" opensansserif=\"opensansserif\" _15px=\"font-size:_15px\" normal=\"white-space:normal\" _400=\"font-weight:_400\" _0px0px15px=\"margin:_0px0px15px\" _0px=\"_-webkit-text-stroke-width:_0px\" baselinecolorrgb686868=\"vertical-align:baselinecolorrgb686868\" _2=\"widows:_2\" none=\"text-transform:none\" rgb255255255=\"background-color:rgb255255255\" initial=\"text-decoration-color:initial\" left=\"text-align:left\">O coletivo, que havia sa\u00eddo de S\u00e3o Paulo (SP) e seguia para Arapiraca (AL), foi abordado por volta das 16h30 deste domingo (23).<\/p>\n<p style=\"border:0px; font-variant-ligatures:normal; font-variant-caps:normal; font-variant-numeric:inherit; font-variant-east-asian:inherit; font-stretch:inherit; line-height:1.6; font-family:\" opensansserif=\"opensansserif\" _15px=\"font-size:_15px\" normal=\"white-space:normal\" _400=\"font-weight:_400\" _0px0px15px=\"margin:_0px0px15px\" _0px=\"_-webkit-text-stroke-width:_0px\" baselinecolorrgb686868=\"vertical-align:baselinecolorrgb686868\" _2=\"widows:_2\" none=\"text-transform:none\" rgb255255255=\"background-color:rgb255255255\" initial=\"text-decoration-color:initial\" left=\"text-align:left\">Durante a fiscaliza\u00e7\u00e3o no ve\u00edculo e passageiros, foram encontrados 117 tabletes de maconha com peso total de 93 kg, que estavam dentro de tr\u00eas malas no bagageiro externo.<\/p>\n<p style=\"border:0px; font-variant-ligatures:normal; font-variant-caps:normal; font-variant-numeric:inherit; font-variant-east-asian:inherit; font-stretch:inherit; line-height:1.6; font-family:\" opensansserif=\"opensansserif\" _15px=\"font-size:_15px\" normal=\"white-space:normal\" _400=\"font-weight:_400\" _0px0px15px=\"margin:_0px0px15px\" _0px=\"_-webkit-text-stroke-width:_0px\" baselinecolorrgb686868=\"vertical-align:baselinecolorrgb686868\" _2=\"widows:_2\" none=\"text-transform:none\" rgb255255255=\"background-color:rgb255255255\" initial=\"text-decoration-color:initial\" left=\"text-align:left\">Duas mulheres, de idades 23 e 28 anos, foram identificadas como sendo as propriet\u00e1rias da droga. Elas informaram aos agentes que foram contratadas, por certa quantia em dinheiro, em S\u00e3o Paulo (SP), para transportar o entorpecente at\u00e9 Recife (PE).<\/p>\n<p style=\"border:0px; font-variant-ligatures:normal; font-variant-caps:normal; font-variant-numeric:inherit; font-variant-east-asian:inherit; font-stretch:inherit; line-height:1.6; font-family:\" opensansserif=\"opensansserif\" _15px=\"font-size:_15px\" normal=\"white-space:normal\" _400=\"font-weight:_400\" _0px0px15px=\"margin:_0px0px15px\" _0px=\"_-webkit-text-stroke-width:_0px\" baselinecolorrgb686868=\"vertical-align:baselinecolorrgb686868\" _2=\"widows:_2\" none=\"text-transform:none\" rgb255255255=\"background-color:rgb255255255\" initial=\"text-decoration-color:initial\" left=\"text-align:left\">Residentes em Santo Andr\u00e9 (SP), elas foram levadas presas para a Delegacia de Pol\u00edcia Civil em Vit\u00f3ria da Conquista e responder\u00e3o por tr\u00e1fico de drogas.<\/p>\n<p style=\"border:0px; font-variant-ligatures:normal; font-variant-caps:normal; font-variant-numeric:inherit; font-variant-east-asian:inherit; font-stretch:inherit; line-height:1.6; font-family:\" opensansserif=\"opensansserif\" _15px=\"font-size:_15px\" normal=\"white-space:normal\" _400=\"font-weight:_400\" _0px0px15px=\"margin:_0px0px15px\" _0px=\"_-webkit-text-stroke-width:_0px\" baselinecolorrgb686868=\"vertical-align:baselinecolorrgb686868\" _2=\"widows:_2\" none=\"text-transform:none\" rgb255255255=\"background-color:rgb255255255\" initial=\"text-decoration-color:initial\" left=\"text-align:left\"><span class=\"embed-youtube\" style=\"border:0px; font-variant:inherit; font-stretch:inherit; line-height:inherit; font-family:inherit; font-size:15px; font-style:inherit; font-weight:inherit; margin:0px; outline:0px; padding:0px; vertical-align:baselinedisplay:block; text-align:center;\"><iframe loading=\"lazy\" class=\"youtube-player\" type=\"text\/html\" width=\"800\" height=\"480\" src=\"https:\/\/www.youtube.com\/embed\/DvvFWdCYP3k?version=3&amp;rel=1&amp;fs=1&amp;autohide=2&amp;showsearch=0&amp;showinfo=1&amp;iv_load_policy=1&amp;wmode=transparent\" allowfullscreen=\"true\" style=\"border: 0px; font-variant: inherit; font-stretch: inherit; line-height: inherit; font-family: inherit; font-size: 15px; font-style: inherit; font-weight: inherit; margin: 0px; outline: 0px; padding: 0px; vertical-align: baseline; max-width: 100%;\"><\/iframe><\/span><\/p>\n<p>*Fonte: PRF<\/p>\n","protected":false},"excerpt":{"rendered":"<p>Presas durante fiscaliza\u00e7\u00e3o da Pol\u00edcia Rodovi\u00e1ria Federal na tarde de hoje (23), elas pretendiam levar o entorpecente para Recife, Pernambuco. Policiais rodovi\u00e1rios federais apreenderam 93 kg de maconha que estavam sendo transportados em um \u00f4nibus na BR 116, trecho de Vit\u00f3ria da Conquista, no sudoeste baiano. O coletivo, que havia sa\u00eddo de S\u00e3o Paulo (SP) [&hellip;]<\/p>\n","protected":false},"author":1,"featured_media":75332,"comment_status":"closed","ping_status":"closed","sticky":false,"template":"","format":"standard","meta":[],"categories":[212,3],"tags":[],"_links":{"self":[{"href":"http:\/\/blitzconquista.com.br\/index.php?rest_route=\/wp\/v2\/posts\/75333"}],"collection":[{"href":"http:\/\/blitzconquista.com.br\/index.php?rest_route=\/wp\/v2\/posts"}],"about":[{"href":"http:\/\/blitzconquista.com.br\/index.php?rest_route=\/wp\/v2\/types\/post"}],"author":[{"embeddable":true,"href":"http:\/\/blitzconquista.com.br\/index.php?rest_route=\/wp\/v2\/users\/1"}],"replies":[{"embeddable":true,"href":"http:\/\/blitzconquista.com.br\/index.php?rest_route=%2Fwp%2Fv2%2Fcomments&post=75333"}],"version-history":[{"count":2,"href":"http:\/\/blitzconquista.com.br\/index.php?rest_route=\/wp\/v2\/posts\/75333\/revisions"}],"predecessor-version":[{"id":75335,"href":"http:\/\/blitzconquista.com.br\/index.php?rest_route=\/wp\/v2\/posts\/75333\/revisions\/75335"}],"wp:featuredmedia":[{"embeddable":true,"href":"http:\/\/blitzconquista.com.br\/index.php?rest_route=\/wp\/v2\/media\/75332"}],"wp:attachment":[{"href":"http:\/\/blitzconquista.com.br\/index.php?rest_route=%2Fwp%2Fv2%2Fmedia&parent=75333"}],"wp:term":[{"taxonomy":"category","embeddable":true,"href":"http:\/\/blitzconquista.com.br\/index.php?rest_route=%2Fwp%2Fv2%2Fcategories&post=75333"},{"taxonomy":"post_tag","embeddable":true,"href":"http:\/\/blitzconquista.com.br\/index.php?rest_route=%2Fwp%2Fv2%2Ftags&post=75333"}],"curies":[{"name":"wp","href":"https:\/\/api.w.org\/{rel}","templated":true}]}}