{"id":75337,"date":"2018-09-23T20:37:47","date_gmt":"2018-09-23T23:37:47","guid":{"rendered":"http:\/\/blitzconquista.com.br\/?p=75337"},"modified":"2018-09-23T20:37:47","modified_gmt":"2018-09-23T23:37:47","slug":"crianca-em-estado-grave-carro-cai-em-valeta-da-av-luis-eduardo-magalhaes","status":"publish","type":"post","link":"http:\/\/blitzconquista.com.br\/?p=75337","title":{"rendered":"Crian\u00e7a em estado grave: carro cai em Valeta da Av. Lu\u00eds Eduardo Magalh\u00e3es"},"content":{"rendered":"<p>Tr\u00eas pessoas ficaram feridas em um acidente automobil\u00edstico na Av. Lu\u00eds Eduardo Magalh\u00e3es, na noite desse domingo (23), em Vit\u00f3ria da Conquista.<\/p>\n<p><img decoding=\"async\" loading=\"lazy\" src=\"http:\/\/blitzconquista.com.br\/wp-content\/uploads\/2018\/09\/Photo-editing_Cloud20180923_2.jpg\" width=\"639\" height=\"419\" class=\"wp-image-75336 alignnone size-full\" srcset=\"http:\/\/blitzconquista.com.br\/wp-content\/uploads\/2018\/09\/Photo-editing_Cloud20180923_2.jpg 639w, http:\/\/blitzconquista.com.br\/wp-content\/uploads\/2018\/09\/Photo-editing_Cloud20180923_2-300x197.jpg 300w, http:\/\/blitzconquista.com.br\/wp-content\/uploads\/2018\/09\/Photo-editing_Cloud20180923_2-130x86.jpg 130w, http:\/\/blitzconquista.com.br\/wp-content\/uploads\/2018\/09\/Photo-editing_Cloud20180923_2-187x124.jpg 187w\" sizes=\"(max-width: 639px) 100vw, 639px\" \/><\/p>\n<p>O motorista teria perdido o controle da dire\u00e7\u00e3o e ca\u00eddo na valeta central.<\/p>\n<p>Tr\u00eas pessoas estavam no carro. Todos ficaram feridos, sendo atendidos pelo Samu e encaminhados ao hospital. O estado de sa\u00fade de uma crian\u00e7a \u00e9 considerado grave.<\/p>\n","protected":false},"excerpt":{"rendered":"<p>Tr\u00eas pessoas ficaram feridas em um acidente automobil\u00edstico na Av. Lu\u00eds Eduardo Magalh\u00e3es, na noite desse domingo (23), em Vit\u00f3ria da Conquista. O motorista teria perdido o controle da dire\u00e7\u00e3o e ca\u00eddo na valeta central. Tr\u00eas pessoas estavam no carro. Todos ficaram feridos, sendo atendidos pelo Samu e encaminhados ao hospital. O estado de sa\u00fade [&hellip;]<\/p>\n","protected":false},"author":1,"featured_media":75336,"comment_status":"closed","ping_status":"closed","sticky":false,"template":"","format":"standard","meta":[],"categories":[212,7],"tags":[],"_links":{"self":[{"href":"http:\/\/blitzconquista.com.br\/index.php?rest_route=\/wp\/v2\/posts\/75337"}],"collection":[{"href":"http:\/\/blitzconquista.com.br\/index.php?rest_route=\/wp\/v2\/posts"}],"about":[{"href":"http:\/\/blitzconquista.com.br\/index.php?rest_route=\/wp\/v2\/types\/post"}],"author":[{"embeddable":true,"href":"http:\/\/blitzconquista.com.br\/index.php?rest_route=\/wp\/v2\/users\/1"}],"replies":[{"embeddable":true,"href":"http:\/\/blitzconquista.com.br\/index.php?rest_route=%2Fwp%2Fv2%2Fcomments&post=75337"}],"version-history":[{"count":1,"href":"http:\/\/blitzconquista.com.br\/index.php?rest_route=\/wp\/v2\/posts\/75337\/revisions"}],"predecessor-version":[{"id":75338,"href":"http:\/\/blitzconquista.com.br\/index.php?rest_route=\/wp\/v2\/posts\/75337\/revisions\/75338"}],"wp:featuredmedia":[{"embeddable":true,"href":"http:\/\/blitzconquista.com.br\/index.php?rest_route=\/wp\/v2\/media\/75336"}],"wp:attachment":[{"href":"http:\/\/blitzconquista.com.br\/index.php?rest_route=%2Fwp%2Fv2%2Fmedia&parent=75337"}],"wp:term":[{"taxonomy":"category","embeddable":true,"href":"http:\/\/blitzconquista.com.br\/index.php?rest_route=%2Fwp%2Fv2%2Fcategories&post=75337"},{"taxonomy":"post_tag","embeddable":true,"href":"http:\/\/blitzconquista.com.br\/index.php?rest_route=%2Fwp%2Fv2%2Ftags&post=75337"}],"curies":[{"name":"wp","href":"https:\/\/api.w.org\/{rel}","templated":true}]}}