{"id":75644,"date":"2018-10-11T20:19:09","date_gmt":"2018-10-11T23:19:09","guid":{"rendered":"http:\/\/blitzconquista.com.br\/?p=75644"},"modified":"2018-10-11T20:19:09","modified_gmt":"2018-10-11T23:19:09","slug":"r-380-prefeitura-reajusta-tarifa-do-transporte-publico","status":"publish","type":"post","link":"http:\/\/blitzconquista.com.br\/?p=75644","title":{"rendered":"R$ 3,80: Prefeitura reajusta tarifa do transporte p\u00fablico"},"content":{"rendered":"<p><strong>Al\u00e9m do reajuste, Prefeito quer liberar empresa de transporte da arrecada\u00e7\u00e3o do Imposto Sobre Servi\u00e7os.<\/strong><\/p>\n<p><img decoding=\"async\" loading=\"lazy\" class=\"alignnone size-full wp-image-75643\" src=\"http:\/\/blitzconquista.com.br\/wp-content\/uploads\/2018\/10\/DSC_0226-2-1.jpg\" width=\"600\" height=\"401\" srcset=\"http:\/\/blitzconquista.com.br\/wp-content\/uploads\/2018\/10\/DSC_0226-2-1.jpg 600w, http:\/\/blitzconquista.com.br\/wp-content\/uploads\/2018\/10\/DSC_0226-2-1-300x200.jpg 300w, http:\/\/blitzconquista.com.br\/wp-content\/uploads\/2018\/10\/DSC_0226-2-1-414x276.jpg 414w, http:\/\/blitzconquista.com.br\/wp-content\/uploads\/2018\/10\/DSC_0226-2-1-470x313.jpg 470w, http:\/\/blitzconquista.com.br\/wp-content\/uploads\/2018\/10\/DSC_0226-2-1-130x86.jpg 130w, http:\/\/blitzconquista.com.br\/wp-content\/uploads\/2018\/10\/DSC_0226-2-1-187x124.jpg 187w\" sizes=\"(max-width: 600px) 100vw, 600px\" \/><\/p>\n<p>Sem participa\u00e7\u00e3o do Conselho Municipal de Transporte, o Prefeito Herzem Gusm\u00e3o Pereira aumentou R$ 0,50 ao valor da tarifa do transporte coletivo. A partir de domingo o valor ser\u00e1 R$ 3,80.<\/p>\n<p>O reajuste ocorre em meio a grande crise do transporte p\u00fablico.<\/p>\n<p>Al\u00e9m de favorecer a Via\u00e7\u00e3o Vit\u00f3ria, que deixou de operar devendo mais de R$ 30 milh\u00f5es aos Mun\u00edcipio, n\u00e3o regulamentou o transporte por meio de vans e concedeu a Cidade Verde o monop\u00f3lio do servi\u00e7o, inclusive reduzindo a frota de \u00f4nibus que atendia a popula\u00e7\u00e3o.<\/p>\n<p>Lideran\u00e7as ligadas a movimentos estudantis garantem que ir\u00e3o reagir a decis\u00e3o &#8220;unilateral&#8221; do reajuste da tarifa.<\/p>\n<p>Em publica\u00e7\u00e3o no site oficial, a Prefeitura justifica que o reajuste ocorreu ap\u00f3s an\u00e1lise da planilha, que, segundo o executivo, apontava para um valor maior. Por\u00e9m, n\u00e3o informou que foi enviado ao legislativo Projeto de Lei que isenta a Cidade Verde do Imposto Sobre Servi\u00e7os, que anualmente tem arrecada\u00e7\u00e3o aproximada de R$ 3 milh\u00f5es.<\/p>\n<p>Para isen\u00e7\u00e3o do imposto a Prefeitura ser\u00e1 obrigada a aumentar outros impostos, pois a lei afirma que para abrir m\u00e3o de uma receita o valor deve ser restitu\u00eddo por outra fonte.<\/p>\n","protected":false},"excerpt":{"rendered":"<p>Al\u00e9m do reajuste, Prefeito quer liberar empresa de transporte da arrecada\u00e7\u00e3o do Imposto Sobre Servi\u00e7os. Sem participa\u00e7\u00e3o do Conselho Municipal de Transporte, o Prefeito Herzem Gusm\u00e3o Pereira aumentou R$ 0,50 ao valor da tarifa do transporte coletivo. A partir de domingo o valor ser\u00e1 R$ 3,80. O reajuste ocorre em meio a grande crise do [&hellip;]<\/p>\n","protected":false},"author":1,"featured_media":75643,"comment_status":"closed","ping_status":"closed","sticky":false,"template":"","format":"standard","meta":[],"categories":[4,212],"tags":[],"_links":{"self":[{"href":"http:\/\/blitzconquista.com.br\/index.php?rest_route=\/wp\/v2\/posts\/75644"}],"collection":[{"href":"http:\/\/blitzconquista.com.br\/index.php?rest_route=\/wp\/v2\/posts"}],"about":[{"href":"http:\/\/blitzconquista.com.br\/index.php?rest_route=\/wp\/v2\/types\/post"}],"author":[{"embeddable":true,"href":"http:\/\/blitzconquista.com.br\/index.php?rest_route=\/wp\/v2\/users\/1"}],"replies":[{"embeddable":true,"href":"http:\/\/blitzconquista.com.br\/index.php?rest_route=%2Fwp%2Fv2%2Fcomments&post=75644"}],"version-history":[{"count":1,"href":"http:\/\/blitzconquista.com.br\/index.php?rest_route=\/wp\/v2\/posts\/75644\/revisions"}],"predecessor-version":[{"id":75645,"href":"http:\/\/blitzconquista.com.br\/index.php?rest_route=\/wp\/v2\/posts\/75644\/revisions\/75645"}],"wp:featuredmedia":[{"embeddable":true,"href":"http:\/\/blitzconquista.com.br\/index.php?rest_route=\/wp\/v2\/media\/75643"}],"wp:attachment":[{"href":"http:\/\/blitzconquista.com.br\/index.php?rest_route=%2Fwp%2Fv2%2Fmedia&parent=75644"}],"wp:term":[{"taxonomy":"category","embeddable":true,"href":"http:\/\/blitzconquista.com.br\/index.php?rest_route=%2Fwp%2Fv2%2Fcategories&post=75644"},{"taxonomy":"post_tag","embeddable":true,"href":"http:\/\/blitzconquista.com.br\/index.php?rest_route=%2Fwp%2Fv2%2Ftags&post=75644"}],"curies":[{"name":"wp","href":"https:\/\/api.w.org\/{rel}","templated":true}]}}