{"id":75680,"date":"2018-10-16T10:33:34","date_gmt":"2018-10-16T13:33:34","guid":{"rendered":"http:\/\/blitzconquista.com.br\/?p=75680"},"modified":"2018-10-16T10:33:34","modified_gmt":"2018-10-16T13:33:34","slug":"em-decomposicao-corpo-e-encontrado-no-centro-industrial","status":"publish","type":"post","link":"http:\/\/blitzconquista.com.br\/?p=75680","title":{"rendered":"Em decomposi\u00e7\u00e3o: corpo \u00e9 encontrado no Centro Industrial"},"content":{"rendered":"<p><img decoding=\"async\" loading=\"lazy\" class=\"aligncenter size-full wp-image-70396\" src=\"http:\/\/blitzconquista.com.br\/wp-content\/uploads\/2018\/04\/00-00-09-sirene-noturna43-policia-1.jpg\" alt=\"\" width=\"728\" height=\"410\" srcset=\"http:\/\/blitzconquista.com.br\/wp-content\/uploads\/2018\/04\/00-00-09-sirene-noturna43-policia-1.jpg 728w, http:\/\/blitzconquista.com.br\/wp-content\/uploads\/2018\/04\/00-00-09-sirene-noturna43-policia-1-300x168.jpg 300w, http:\/\/blitzconquista.com.br\/wp-content\/uploads\/2018\/04\/00-00-09-sirene-noturna43-policia-1-695x391.jpg 695w, http:\/\/blitzconquista.com.br\/wp-content\/uploads\/2018\/04\/00-00-09-sirene-noturna43-policia-1-470x264.jpg 470w, http:\/\/blitzconquista.com.br\/wp-content\/uploads\/2018\/04\/00-00-09-sirene-noturna43-policia-1-640x360.jpg 640w, http:\/\/blitzconquista.com.br\/wp-content\/uploads\/2018\/04\/00-00-09-sirene-noturna43-policia-1-215x120.jpg 215w, http:\/\/blitzconquista.com.br\/wp-content\/uploads\/2018\/04\/00-00-09-sirene-noturna43-policia-1-414x232.jpg 414w\" sizes=\"(max-width: 728px) 100vw, 728px\" \/><\/p>\n<p>Um corpo foi encontrado em estado de decomposi\u00e7\u00e3o na manh\u00e3 dessa ter\u00e7a-feira (16), no Centro Industrial de Vit\u00f3ria da Conquista.<\/p>\n<p>Populares teriam se deparado com o corpo e acionado a Pol\u00edcia Militar, que confirmou o fato.<\/p>\n<p>Ainda n\u00e3o h\u00e1 como afirmar a causa da morte.<\/p>\n<p>A Delegacia de Homic\u00eddios investigar\u00e1 o fato.<\/p>\n","protected":false},"excerpt":{"rendered":"<p>Um corpo foi encontrado em estado de decomposi\u00e7\u00e3o na manh\u00e3 dessa ter\u00e7a-feira (16), no Centro Industrial de Vit\u00f3ria da Conquista. Populares teriam se deparado com o corpo e acionado a Pol\u00edcia Militar, que confirmou o fato. Ainda n\u00e3o h\u00e1 como afirmar a causa da morte. A Delegacia de Homic\u00eddios investigar\u00e1 o fato.<\/p>\n","protected":false},"author":1,"featured_media":70396,"comment_status":"closed","ping_status":"closed","sticky":false,"template":"","format":"standard","meta":[],"categories":[212,3],"tags":[],"_links":{"self":[{"href":"http:\/\/blitzconquista.com.br\/index.php?rest_route=\/wp\/v2\/posts\/75680"}],"collection":[{"href":"http:\/\/blitzconquista.com.br\/index.php?rest_route=\/wp\/v2\/posts"}],"about":[{"href":"http:\/\/blitzconquista.com.br\/index.php?rest_route=\/wp\/v2\/types\/post"}],"author":[{"embeddable":true,"href":"http:\/\/blitzconquista.com.br\/index.php?rest_route=\/wp\/v2\/users\/1"}],"replies":[{"embeddable":true,"href":"http:\/\/blitzconquista.com.br\/index.php?rest_route=%2Fwp%2Fv2%2Fcomments&post=75680"}],"version-history":[{"count":1,"href":"http:\/\/blitzconquista.com.br\/index.php?rest_route=\/wp\/v2\/posts\/75680\/revisions"}],"predecessor-version":[{"id":75682,"href":"http:\/\/blitzconquista.com.br\/index.php?rest_route=\/wp\/v2\/posts\/75680\/revisions\/75682"}],"wp:featuredmedia":[{"embeddable":true,"href":"http:\/\/blitzconquista.com.br\/index.php?rest_route=\/wp\/v2\/media\/70396"}],"wp:attachment":[{"href":"http:\/\/blitzconquista.com.br\/index.php?rest_route=%2Fwp%2Fv2%2Fmedia&parent=75680"}],"wp:term":[{"taxonomy":"category","embeddable":true,"href":"http:\/\/blitzconquista.com.br\/index.php?rest_route=%2Fwp%2Fv2%2Fcategories&post=75680"},{"taxonomy":"post_tag","embeddable":true,"href":"http:\/\/blitzconquista.com.br\/index.php?rest_route=%2Fwp%2Fv2%2Ftags&post=75680"}],"curies":[{"name":"wp","href":"https:\/\/api.w.org\/{rel}","templated":true}]}}