{"id":75683,"date":"2018-10-16T10:39:58","date_gmt":"2018-10-16T13:39:58","guid":{"rendered":"http:\/\/blitzconquista.com.br\/?p=75683"},"modified":"2018-10-16T10:42:35","modified_gmt":"2018-10-16T13:42:35","slug":"tse-determina-remocao-de-videos-de-bolsonaro-sobre-kit-gay-no-facebook","status":"publish","type":"post","link":"http:\/\/blitzconquista.com.br\/?p=75683","title":{"rendered":"TSE determina remo\u00e7\u00e3o de v\u00eddeos de Bolsonaro sobre &#8220;kit gay&#8221; no Facebook"},"content":{"rendered":"<p style=\"line-height: 18.0pt; background: white; vertical-align: baseline; margin: 0cm 0cm 15.0pt 0cm;\"><span style=\"font-family: 'Arial',sans-serif; color: #333333;\">O ministro Carlos Horbach, do Tribunal Superior Eleitoral (TSE), determinou a remo\u00e7\u00e3o de seis postagens no Facebook e no YouTube em que o candidato do PSL \u00e0 Presid\u00eancia da Rep\u00fablica, Jair Bolsonaro, faz cr\u00edticas ao livro &#8220;Aparelho Sexual e Cia.&#8221; e afirma que a obra integraria material a ser distribu\u00eddo a escolas p\u00fablicas na \u00e9poca em que Fernando Haddad (PT) comandava o Minist\u00e9rio da Educa\u00e7\u00e3o.<\/span><\/p>\n<p><img decoding=\"async\" loading=\"lazy\" class=\"aligncenter size-full wp-image-75685\" src=\"http:\/\/blitzconquista.com.br\/wp-content\/uploads\/2018\/10\/ministro-carlos-horbach-determinou-nesta-sexta-a-retirada-de-video-1539392158296_v2_300x300.jpg\" alt=\"\" width=\"300\" height=\"300\" srcset=\"http:\/\/blitzconquista.com.br\/wp-content\/uploads\/2018\/10\/ministro-carlos-horbach-determinou-nesta-sexta-a-retirada-de-video-1539392158296_v2_300x300.jpg 300w, http:\/\/blitzconquista.com.br\/wp-content\/uploads\/2018\/10\/ministro-carlos-horbach-determinou-nesta-sexta-a-retirada-de-video-1539392158296_v2_300x300-150x150.jpg 150w, http:\/\/blitzconquista.com.br\/wp-content\/uploads\/2018\/10\/ministro-carlos-horbach-determinou-nesta-sexta-a-retirada-de-video-1539392158296_v2_300x300-65x65.jpg 65w\" sizes=\"(max-width: 300px) 100vw, 300px\" \/><\/p>\n<p style=\"line-height: 18.0pt; background: white; vertical-align: baseline; font-variant-ligatures: normal; font-variant-caps: normal; font-variant-numeric: inherit; font-variant-east-asian: inherit; font-stretch: inherit; orphans: 2; text-align: start; widows: 2; -webkit-text-stroke-width: 0px; text-decoration-style: initial; text-decoration-color: initial; word-spacing: 0px; margin: 0cm 0cm 15.0pt 0cm;\"><span style=\"font-family: 'Arial',sans-serif; color: #333333;\">No v\u00eddeo, Bolsonaro afirma que o livro \u00e9 &#8220;uma colet\u00e2nea de absurdos que estimula precocemente as crian\u00e7as a se interessarem pelo sexo&#8221;. &#8220;No meu entender, isso \u00e9 uma porta aberta para a pedofilia&#8221;, diz o candidato do PSL, que ainda afirma que &#8220;esse \u00e9 o livro do PT&#8221;.<\/span><\/p>\n<p style=\"line-height: 18.0pt; background: white; vertical-align: baseline; font-variant-ligatures: normal; font-variant-caps: normal; font-variant-numeric: inherit; font-variant-east-asian: inherit; font-stretch: inherit; orphans: 2; text-align: start; widows: 2; -webkit-text-stroke-width: 0px; text-decoration-style: initial; text-decoration-color: initial; word-spacing: 0px; margin: 0cm 0cm 15.0pt 0cm;\"><span style=\"font-family: 'Arial',sans-serif; color: #333333;\">Em nota, o Minist\u00e9rio da Educa\u00e7\u00e3o (MEC) j\u00e1 afirmou em diversas oportunidades que n\u00e3o produziu nem adquiriu ou distribuiu &#8220;Aparelho Sexual e Cia.&#8221;, esclarecendo que o livro \u00e9 uma publica\u00e7\u00e3o da editora Companhia das Letras publicada em 10 idiomas.<\/span><\/p>\n<p style=\"line-height: 18.0pt; background: white; vertical-align: baseline; font-variant-ligatures: normal; font-variant-caps: normal; font-variant-numeric: inherit; font-variant-east-asian: inherit; font-stretch: inherit; orphans: 2; text-align: start; widows: 2; -webkit-text-stroke-width: 0px; text-decoration-style: initial; text-decoration-color: initial; word-spacing: 0px; margin: 0cm 0cm 15.0pt 0cm;\"><span style=\"font-family: 'Arial',sans-serif; color: #333333;\">&#8220;\u00c9 igualmente not\u00f3rio o fato de que o projeto &#8216;Escola sem Homofobia&#8217; n\u00e3o chegou a ser executado pelo Minist\u00e9rio da Educa\u00e7\u00e3o, do que se conclui que n\u00e3o ensejou, de fato, a distribui\u00e7\u00e3o do material did\u00e1tico a ele relacionado. Assim, a difus\u00e3o da informa\u00e7\u00e3o equivocada de que o livro em quest\u00e3o teria sido distribu\u00eddo pelo MEC gera desinforma\u00e7\u00e3o no per\u00edodo eleitoral, com preju\u00edzo ao debate pol\u00edtico, o que recomenda a remo\u00e7\u00e3o dos conte\u00fados com tal teor&#8221;, concluiu Horbach.<\/span><\/p>\n<p style=\"line-height: 18.0pt; background: white; vertical-align: baseline; font-variant-ligatures: normal; font-variant-caps: normal; font-variant-numeric: inherit; font-variant-east-asian: inherit; font-stretch: inherit; orphans: 2; text-align: start; widows: 2; -webkit-text-stroke-width: 0px; text-decoration-style: initial; text-decoration-color: initial; word-spacing: 0px; margin: 0cm 0cm 15.0pt 0cm;\"><span style=\"font-family: 'Arial',sans-serif; color: #333333;\">Os advogados do PT afirmam que, em entrevista ao Jornal Nacional, da TV Globo, no dia 28 de agosto, Bolsonaro mentiu e difundiu a falsa ideia de que o livro seria distribu\u00eddo em escolas p\u00fablicas.<\/span><\/p>\n<p style=\"line-height: 18.0pt; background: white; vertical-align: baseline; font-variant-ligatures: normal; font-variant-caps: normal; font-variant-numeric: inherit; font-variant-east-asian: inherit; font-stretch: inherit; orphans: 2; text-align: start; widows: 2; -webkit-text-stroke-width: 0px; text-decoration-style: initial; text-decoration-color: initial; word-spacing: 0px; margin: 0cm 0cm 15.0pt 0cm;\"><span style=\"font-family: 'Arial',sans-serif; color: #333333;\">&#8220;O candidato vem proferindo esta grave mentira h\u00e1 mais de dois anos. A informa\u00e7\u00e3o de que o livro seria distribu\u00eddo em escolas p\u00fablicas come\u00e7ou a ser difundida por Bolsonaro no dia 10 de janeiro de 2016 atrav\u00e9s de um v\u00eddeo que publicou no Facebook&#8221;, observa a coliga\u00e7\u00e3o de Haddad.<\/span><\/p>\n<p style=\"line-height: 18.0pt; background: white; vertical-align: baseline; font-variant-ligatures: normal; font-variant-caps: normal; font-variant-numeric: inherit; font-variant-east-asian: inherit; font-stretch: inherit; orphans: 2; text-align: start; widows: 2; -webkit-text-stroke-width: 0px; text-decoration-style: initial; text-decoration-color: initial; word-spacing: 0px; margin: 0cm 0cm 15.0pt 0cm;\"><span style=\"font-family: 'Arial',sans-serif; color: #333333;\">Em outra representa\u00e7\u00e3o, o ministro negou um pedido do PT para remover uma entrevista de Bolsonaro concedida ao programa &#8220;P\u00e2nico&#8221;, na qual o deputado federal faz refer\u00eancia ao material did\u00e1tico do projeto &#8220;Escola sem homofobia&#8221; como sendo o &#8220;kit gay&#8221;, atribuindo a responsabilidade pela sua elabora\u00e7\u00e3o a Fernando Haddad.<\/span><\/p>\n<p style=\"line-height: 18.0pt; background: white; vertical-align: baseline; font-variant-ligatures: normal; font-variant-caps: normal; font-variant-numeric: inherit; font-variant-east-asian: inherit; font-stretch: inherit; orphans: 2; text-align: start; widows: 2; -webkit-text-stroke-width: 0px; text-decoration-style: initial; text-decoration-color: initial; word-spacing: 0px; margin: 0cm 0cm 15.0pt 0cm;\"><span style=\"font-family: 'Arial',sans-serif; color: #333333;\">&#8220;\u00c9 poss\u00edvel concluir que os representantes buscam impedir que o candidato representado chame o material did\u00e1tico do projeto &#8216;Escola sem Homofobia&#8217; de &#8216;kit gay&#8217;. Tal pretens\u00e3o, caso acatada pelo Poder Judici\u00e1rio, materializaria verdadeira censura contra o candidato representado, que estaria impedido de verbalizar, de acordo com suas concep\u00e7\u00f5es, cr\u00edticas \u00e0 gest\u00e3o do concorrente \u00e0 frente do Minist\u00e9rio da Educa\u00e7\u00e3o&#8221;, observou Horbach.<\/span><\/p>\n<p>*<a href=\"https:\/\/noticias.uol.com.br\/politica\/eleicoes\/2018\/noticias\/agencia-estado\/2018\/10\/16\/tse-determina-remocao-de-videos-de-bolsonaro-sobre-kit-gay-no-facebook.htm\">Estad\u00e3o Conte\u00fado<\/a><\/p>\n","protected":false},"excerpt":{"rendered":"<p>O ministro Carlos Horbach, do Tribunal Superior Eleitoral (TSE), determinou a remo\u00e7\u00e3o de seis postagens no Facebook e no YouTube em que o candidato do PSL \u00e0 Presid\u00eancia da Rep\u00fablica, Jair Bolsonaro, faz cr\u00edticas ao livro &#8220;Aparelho Sexual e Cia.&#8221; e afirma que a obra integraria material a ser distribu\u00eddo a escolas p\u00fablicas na \u00e9poca [&hellip;]<\/p>\n","protected":false},"author":1,"featured_media":75687,"comment_status":"closed","ping_status":"closed","sticky":false,"template":"","format":"standard","meta":[],"categories":[212,5],"tags":[],"_links":{"self":[{"href":"http:\/\/blitzconquista.com.br\/index.php?rest_route=\/wp\/v2\/posts\/75683"}],"collection":[{"href":"http:\/\/blitzconquista.com.br\/index.php?rest_route=\/wp\/v2\/posts"}],"about":[{"href":"http:\/\/blitzconquista.com.br\/index.php?rest_route=\/wp\/v2\/types\/post"}],"author":[{"embeddable":true,"href":"http:\/\/blitzconquista.com.br\/index.php?rest_route=\/wp\/v2\/users\/1"}],"replies":[{"embeddable":true,"href":"http:\/\/blitzconquista.com.br\/index.php?rest_route=%2Fwp%2Fv2%2Fcomments&post=75683"}],"version-history":[{"count":1,"href":"http:\/\/blitzconquista.com.br\/index.php?rest_route=\/wp\/v2\/posts\/75683\/revisions"}],"predecessor-version":[{"id":75686,"href":"http:\/\/blitzconquista.com.br\/index.php?rest_route=\/wp\/v2\/posts\/75683\/revisions\/75686"}],"wp:featuredmedia":[{"embeddable":true,"href":"http:\/\/blitzconquista.com.br\/index.php?rest_route=\/wp\/v2\/media\/75687"}],"wp:attachment":[{"href":"http:\/\/blitzconquista.com.br\/index.php?rest_route=%2Fwp%2Fv2%2Fmedia&parent=75683"}],"wp:term":[{"taxonomy":"category","embeddable":true,"href":"http:\/\/blitzconquista.com.br\/index.php?rest_route=%2Fwp%2Fv2%2Fcategories&post=75683"},{"taxonomy":"post_tag","embeddable":true,"href":"http:\/\/blitzconquista.com.br\/index.php?rest_route=%2Fwp%2Fv2%2Ftags&post=75683"}],"curies":[{"name":"wp","href":"https:\/\/api.w.org\/{rel}","templated":true}]}}