{"id":78500,"date":"2019-01-08T10:14:33","date_gmt":"2019-01-08T13:14:33","guid":{"rendered":"http:\/\/blitzconquista.com.br\/?p=78500"},"modified":"2019-01-08T10:16:02","modified_gmt":"2019-01-08T13:16:02","slug":"levaram-bancos-de-outro-lugar-em-conquista-a-moda-e-acabar-uma-praca-para-fazer-outra","status":"publish","type":"post","link":"http:\/\/blitzconquista.com.br\/?p=78500","title":{"rendered":"Levaram bancos de outro lugar: em Conquista, a moda \u00e9 \u2018acabar\u2019 com uma pra\u00e7a para fazer outra"},"content":{"rendered":"<p><img decoding=\"async\" loading=\"lazy\" class=\"aligncenter size-full wp-image-78503\" src=\"http:\/\/blitzconquista.com.br\/wp-content\/uploads\/2019\/01\/a024d5a9-560a-47fa-aed5-e717d81cbc4c.jpg\" alt=\"\" width=\"720\" height=\"540\" srcset=\"http:\/\/blitzconquista.com.br\/wp-content\/uploads\/2019\/01\/a024d5a9-560a-47fa-aed5-e717d81cbc4c.jpg 720w, http:\/\/blitzconquista.com.br\/wp-content\/uploads\/2019\/01\/a024d5a9-560a-47fa-aed5-e717d81cbc4c-300x225.jpg 300w, http:\/\/blitzconquista.com.br\/wp-content\/uploads\/2019\/01\/a024d5a9-560a-47fa-aed5-e717d81cbc4c-695x521.jpg 695w, http:\/\/blitzconquista.com.br\/wp-content\/uploads\/2019\/01\/a024d5a9-560a-47fa-aed5-e717d81cbc4c-74x55.jpg 74w, http:\/\/blitzconquista.com.br\/wp-content\/uploads\/2019\/01\/a024d5a9-560a-47fa-aed5-e717d81cbc4c-111x83.jpg 111w, http:\/\/blitzconquista.com.br\/wp-content\/uploads\/2019\/01\/a024d5a9-560a-47fa-aed5-e717d81cbc4c-215x161.jpg 215w\" sizes=\"(max-width: 720px) 100vw, 720px\" \/><\/p>\n<p>N\u00e3o ter trabalho, tratar o p\u00fablico como privado, trucul\u00eancia ou mera ignor\u00e2ncia sobre o papel do poder p\u00fablico e sua obriga\u00e7\u00e3o em manter o patrim\u00f4nio da comunidade. Ainda s\u00e3o desconhecidos os motivos que levaram a Prefeitura a adotar a pr\u00e1tica de \u2018acabar\u2019 com alguns equipamentos para conclus\u00e3o de outros. O principal alvo s\u00e3o as pra\u00e7as. Aquelas em locais mais distantes est\u00e3o sendo \u2018desmontadas\u2019.<\/p>\n<p><img decoding=\"async\" loading=\"lazy\" class=\"aligncenter size-full wp-image-78466\" src=\"http:\/\/blitzconquista.com.br\/wp-content\/uploads\/2019\/01\/DSC_0839.jpg\" alt=\"\" width=\"700\" height=\"464\" srcset=\"http:\/\/blitzconquista.com.br\/wp-content\/uploads\/2019\/01\/DSC_0839.jpg 700w, http:\/\/blitzconquista.com.br\/wp-content\/uploads\/2019\/01\/DSC_0839-300x200.jpg 300w, http:\/\/blitzconquista.com.br\/wp-content\/uploads\/2019\/01\/DSC_0839-695x461.jpg 695w, http:\/\/blitzconquista.com.br\/wp-content\/uploads\/2019\/01\/DSC_0839-470x313.jpg 470w, http:\/\/blitzconquista.com.br\/wp-content\/uploads\/2019\/01\/DSC_0839-130x86.jpg 130w, http:\/\/blitzconquista.com.br\/wp-content\/uploads\/2019\/01\/DSC_0839-187x124.jpg 187w\" sizes=\"(max-width: 700px) 100vw, 700px\" \/><\/p>\n<p>Ap\u00f3s a retirada de bancos na Pra\u00e7a do Alto do Panorama, as imagens da retirada de bancos na Pra\u00e7a Marechal Rondon, no bairro Ibirapuera, ganharam as redes sociais. O que mais irrita a popula\u00e7\u00e3o \u00e9 que nos casos das duas pra\u00e7as a Prefeitura s\u00f3 realizou a retirada dos bandos em bom estado de conserva\u00e7\u00e3o. Os quebrados ficaram nos locais.<\/p>\n<p>O local de destino dos bancos foi descoberto pela pr\u00f3pria popula\u00e7\u00e3o: bairro Alegria.<\/p>\n<figure id=\"attachment_78502\" aria-describedby=\"caption-attachment-78502\" style=\"width: 1024px\" class=\"wp-caption aligncenter\"><img decoding=\"async\" loading=\"lazy\" class=\"wp-image-78502 size-full\" src=\"http:\/\/blitzconquista.com.br\/wp-content\/uploads\/2019\/01\/WhatsApp-Image-2019-01-07-at-20.17.29-1.jpg\" alt=\"\" width=\"1024\" height=\"576\" srcset=\"http:\/\/blitzconquista.com.br\/wp-content\/uploads\/2019\/01\/WhatsApp-Image-2019-01-07-at-20.17.29-1.jpg 1024w, http:\/\/blitzconquista.com.br\/wp-content\/uploads\/2019\/01\/WhatsApp-Image-2019-01-07-at-20.17.29-1-300x168.jpg 300w, http:\/\/blitzconquista.com.br\/wp-content\/uploads\/2019\/01\/WhatsApp-Image-2019-01-07-at-20.17.29-1-768x432.jpg 768w, http:\/\/blitzconquista.com.br\/wp-content\/uploads\/2019\/01\/WhatsApp-Image-2019-01-07-at-20.17.29-1-695x391.jpg 695w, http:\/\/blitzconquista.com.br\/wp-content\/uploads\/2019\/01\/WhatsApp-Image-2019-01-07-at-20.17.29-1-990x557.jpg 990w, http:\/\/blitzconquista.com.br\/wp-content\/uploads\/2019\/01\/WhatsApp-Image-2019-01-07-at-20.17.29-1-470x264.jpg 470w, http:\/\/blitzconquista.com.br\/wp-content\/uploads\/2019\/01\/WhatsApp-Image-2019-01-07-at-20.17.29-1-640x360.jpg 640w, http:\/\/blitzconquista.com.br\/wp-content\/uploads\/2019\/01\/WhatsApp-Image-2019-01-07-at-20.17.29-1-215x120.jpg 215w, http:\/\/blitzconquista.com.br\/wp-content\/uploads\/2019\/01\/WhatsApp-Image-2019-01-07-at-20.17.29-1-414x232.jpg 414w\" sizes=\"(max-width: 1024px) 100vw, 1024px\" \/><figcaption id=\"caption-attachment-78502\" class=\"wp-caption-text\">Largo no bairro Alegria teria recebido os bancos retirados da Pra\u00e7a Marechal Rondon. Local foi apelidado com o Pra\u00e7a de propriedade de um vereador da base do Prefeito. Foto: blog do sena<\/figcaption><\/figure>\n<p>Uma das pra\u00e7as do bairro j\u00e1 foi apelidada como pra\u00e7a de um vereador da base de apoio do prefeito.<\/p>\n","protected":false},"excerpt":{"rendered":"<p>N\u00e3o ter trabalho, tratar o p\u00fablico como privado, trucul\u00eancia ou mera ignor\u00e2ncia sobre o papel do poder p\u00fablico e sua obriga\u00e7\u00e3o em manter o patrim\u00f4nio da comunidade. Ainda s\u00e3o desconhecidos os motivos que levaram a Prefeitura a adotar a pr\u00e1tica de \u2018acabar\u2019 com alguns equipamentos para conclus\u00e3o de outros. O principal alvo s\u00e3o as pra\u00e7as. [&hellip;]<\/p>\n","protected":false},"author":1,"featured_media":78503,"comment_status":"closed","ping_status":"closed","sticky":false,"template":"","format":"standard","meta":[],"categories":[212,5],"tags":[],"_links":{"self":[{"href":"http:\/\/blitzconquista.com.br\/index.php?rest_route=\/wp\/v2\/posts\/78500"}],"collection":[{"href":"http:\/\/blitzconquista.com.br\/index.php?rest_route=\/wp\/v2\/posts"}],"about":[{"href":"http:\/\/blitzconquista.com.br\/index.php?rest_route=\/wp\/v2\/types\/post"}],"author":[{"embeddable":true,"href":"http:\/\/blitzconquista.com.br\/index.php?rest_route=\/wp\/v2\/users\/1"}],"replies":[{"embeddable":true,"href":"http:\/\/blitzconquista.com.br\/index.php?rest_route=%2Fwp%2Fv2%2Fcomments&post=78500"}],"version-history":[{"count":2,"href":"http:\/\/blitzconquista.com.br\/index.php?rest_route=\/wp\/v2\/posts\/78500\/revisions"}],"predecessor-version":[{"id":78505,"href":"http:\/\/blitzconquista.com.br\/index.php?rest_route=\/wp\/v2\/posts\/78500\/revisions\/78505"}],"wp:featuredmedia":[{"embeddable":true,"href":"http:\/\/blitzconquista.com.br\/index.php?rest_route=\/wp\/v2\/media\/78503"}],"wp:attachment":[{"href":"http:\/\/blitzconquista.com.br\/index.php?rest_route=%2Fwp%2Fv2%2Fmedia&parent=78500"}],"wp:term":[{"taxonomy":"category","embeddable":true,"href":"http:\/\/blitzconquista.com.br\/index.php?rest_route=%2Fwp%2Fv2%2Fcategories&post=78500"},{"taxonomy":"post_tag","embeddable":true,"href":"http:\/\/blitzconquista.com.br\/index.php?rest_route=%2Fwp%2Fv2%2Ftags&post=78500"}],"curies":[{"name":"wp","href":"https:\/\/api.w.org\/{rel}","templated":true}]}}