{"id":78509,"date":"2019-01-08T11:10:17","date_gmt":"2019-01-08T14:10:17","guid":{"rendered":"http:\/\/blitzconquista.com.br\/?p=78509"},"modified":"2019-01-08T11:10:17","modified_gmt":"2019-01-08T14:10:17","slug":"em-agenda-na-bahiagas-fabricio-discute-implementacao-do-gasoduto-de-conquista","status":"publish","type":"post","link":"http:\/\/blitzconquista.com.br\/?p=78509","title":{"rendered":"Em agenda na Bahiag\u00e1s, Fabr\u00edcio discute implementa\u00e7\u00e3o do gasoduto de Conquista"},"content":{"rendered":"<p style=\"font-weight: 400;\">Nesta semana,\u00a0o deputado estadual Fabr\u00edcio Falc\u00e3o (PCdoB) esteve na Bahiag\u00e1s, ao lado do empres\u00e1rio Jos\u00e9 Maria Caires, e do diretor geral da\u00a0<a href=\"http:\/\/www.sudesb.ba.gov.br\/arquivos\/File\/Inexegibilidade\/Termodefomenton20201719CORRIDAECOLOGICA.pdf\">Superintend\u00eancia\u00a0dos Desportos do Estado da Bahia\/Sudesb, Elias Dourado, para discutir a implementa\u00e7\u00e3o do gasoduto de Vit\u00f3ria da Conquista.<\/a><\/p>\n<p><img decoding=\"async\" loading=\"lazy\" class=\"aligncenter  wp-image-78511\" src=\"http:\/\/blitzconquista.com.br\/wp-content\/uploads\/2019\/01\/Reuni\u00e3o-Bahiag\u00e1s-1.jpeg\" alt=\"\" width=\"488\" height=\"325\" srcset=\"http:\/\/blitzconquista.com.br\/wp-content\/uploads\/2019\/01\/Reuni\u00e3o-Bahiag\u00e1s-1.jpeg 1280w, http:\/\/blitzconquista.com.br\/wp-content\/uploads\/2019\/01\/Reuni\u00e3o-Bahiag\u00e1s-1-300x200.jpeg 300w, http:\/\/blitzconquista.com.br\/wp-content\/uploads\/2019\/01\/Reuni\u00e3o-Bahiag\u00e1s-1-768x512.jpeg 768w, http:\/\/blitzconquista.com.br\/wp-content\/uploads\/2019\/01\/Reuni\u00e3o-Bahiag\u00e1s-1-695x463.jpeg 695w, http:\/\/blitzconquista.com.br\/wp-content\/uploads\/2019\/01\/Reuni\u00e3o-Bahiag\u00e1s-1-414x276.jpeg 414w, http:\/\/blitzconquista.com.br\/wp-content\/uploads\/2019\/01\/Reuni\u00e3o-Bahiag\u00e1s-1-470x313.jpeg 470w, http:\/\/blitzconquista.com.br\/wp-content\/uploads\/2019\/01\/Reuni\u00e3o-Bahiag\u00e1s-1-640x426.jpeg 640w, http:\/\/blitzconquista.com.br\/wp-content\/uploads\/2019\/01\/Reuni\u00e3o-Bahiag\u00e1s-1-130x86.jpeg 130w, http:\/\/blitzconquista.com.br\/wp-content\/uploads\/2019\/01\/Reuni\u00e3o-Bahiag\u00e1s-1-187x124.jpeg 187w, http:\/\/blitzconquista.com.br\/wp-content\/uploads\/2019\/01\/Reuni\u00e3o-Bahiag\u00e1s-1-990x660.jpeg 990w\" sizes=\"(max-width: 488px) 100vw, 488px\" \/><\/p>\n<p style=\"font-weight: 400;\">Durante o encontro com o diretor-presidente da Bahiag\u00e1s, Luiz Raimundo Gavazza, e membros da diretoria da empresa, o parlamentar falou sobre a import\u00e2ncia do gasoduto para o munic\u00edpio. \u201cVit\u00f3ria da Conquista \u00e9 a terceira maior cidade da Bahia, e n\u00e3o tem como deixar de ser contemplada pelo projeto na regi\u00e3o sudoeste. Vamos seguir lutando, pois sua vinda vai gerar mais emprego, renda e desenvolvimento para o munic\u00edpio\u201d, defendeu Fabr\u00edcio.<\/p>\n<p>O empres\u00e1rio Jos\u00e9 Maria Caires comemorou o resultado da agenda. \u201cAo lado da diretoria da Bahiag\u00e1s,\u00a0vamos fazer uma reuni\u00e3o com o empresariado conquistense para debater a viabilidade dessa fonte energ\u00e9tica mais econ\u00f4mica, que certamente colocar\u00e1 nossa cidade na rota da competitividade\u201d.<\/p>\n","protected":false},"excerpt":{"rendered":"<p>Nesta semana,\u00a0o deputado estadual Fabr\u00edcio Falc\u00e3o (PCdoB) esteve na Bahiag\u00e1s, ao lado do empres\u00e1rio Jos\u00e9 Maria Caires, e do diretor geral da\u00a0Superintend\u00eancia\u00a0dos Desportos do Estado da Bahia\/Sudesb, Elias Dourado, para discutir a implementa\u00e7\u00e3o do gasoduto de Vit\u00f3ria da Conquista. Durante o encontro com o diretor-presidente da Bahiag\u00e1s, Luiz Raimundo Gavazza, e membros da diretoria da [&hellip;]<\/p>\n","protected":false},"author":1,"featured_media":78511,"comment_status":"closed","ping_status":"closed","sticky":false,"template":"","format":"standard","meta":[],"categories":[5],"tags":[],"_links":{"self":[{"href":"http:\/\/blitzconquista.com.br\/index.php?rest_route=\/wp\/v2\/posts\/78509"}],"collection":[{"href":"http:\/\/blitzconquista.com.br\/index.php?rest_route=\/wp\/v2\/posts"}],"about":[{"href":"http:\/\/blitzconquista.com.br\/index.php?rest_route=\/wp\/v2\/types\/post"}],"author":[{"embeddable":true,"href":"http:\/\/blitzconquista.com.br\/index.php?rest_route=\/wp\/v2\/users\/1"}],"replies":[{"embeddable":true,"href":"http:\/\/blitzconquista.com.br\/index.php?rest_route=%2Fwp%2Fv2%2Fcomments&post=78509"}],"version-history":[{"count":1,"href":"http:\/\/blitzconquista.com.br\/index.php?rest_route=\/wp\/v2\/posts\/78509\/revisions"}],"predecessor-version":[{"id":78512,"href":"http:\/\/blitzconquista.com.br\/index.php?rest_route=\/wp\/v2\/posts\/78509\/revisions\/78512"}],"wp:featuredmedia":[{"embeddable":true,"href":"http:\/\/blitzconquista.com.br\/index.php?rest_route=\/wp\/v2\/media\/78511"}],"wp:attachment":[{"href":"http:\/\/blitzconquista.com.br\/index.php?rest_route=%2Fwp%2Fv2%2Fmedia&parent=78509"}],"wp:term":[{"taxonomy":"category","embeddable":true,"href":"http:\/\/blitzconquista.com.br\/index.php?rest_route=%2Fwp%2Fv2%2Fcategories&post=78509"},{"taxonomy":"post_tag","embeddable":true,"href":"http:\/\/blitzconquista.com.br\/index.php?rest_route=%2Fwp%2Fv2%2Ftags&post=78509"}],"curies":[{"name":"wp","href":"https:\/\/api.w.org\/{rel}","templated":true}]}}