{"id":78566,"date":"2019-01-09T15:38:05","date_gmt":"2019-01-09T18:38:05","guid":{"rendered":"http:\/\/blitzconquista.com.br\/?p=78566"},"modified":"2019-01-09T15:41:26","modified_gmt":"2019-01-09T18:41:26","slug":"por-bunker-dos-r-51-milhoes-raquel-pede-80-anos-de-prisao-para-geddel-e-48-para-lucio","status":"publish","type":"post","link":"http:\/\/blitzconquista.com.br\/?p=78566","title":{"rendered":"Por bunker dos R$ 51 milh\u00f5es: Raquel pede 80 anos de pris\u00e3o para Geddel e 48 para L\u00facio"},"content":{"rendered":"<p class=\"n--noticia__subtitle\"><strong>Documento representa o \u00faltimo parecer do Minist\u00e9rio P\u00fablico Federal no processo; procuradora-geral da Rep\u00fablica tamb\u00e9m pediu a condena\u00e7\u00e3o do ex-deputado federal L\u00facio Vieira Lima (MDB).<\/strong><\/p>\n<p><img decoding=\"async\" loading=\"lazy\" class=\"aligncenter size-full wp-image-78569\" src=\"http:\/\/blitzconquista.com.br\/wp-content\/uploads\/2019\/01\/bunker-de-geddel.jpg\" alt=\"\" width=\"620\" height=\"413\" srcset=\"http:\/\/blitzconquista.com.br\/wp-content\/uploads\/2019\/01\/bunker-de-geddel.jpg 620w, http:\/\/blitzconquista.com.br\/wp-content\/uploads\/2019\/01\/bunker-de-geddel-300x200.jpg 300w, http:\/\/blitzconquista.com.br\/wp-content\/uploads\/2019\/01\/bunker-de-geddel-414x276.jpg 414w, http:\/\/blitzconquista.com.br\/wp-content\/uploads\/2019\/01\/bunker-de-geddel-470x313.jpg 470w, http:\/\/blitzconquista.com.br\/wp-content\/uploads\/2019\/01\/bunker-de-geddel-130x86.jpg 130w, http:\/\/blitzconquista.com.br\/wp-content\/uploads\/2019\/01\/bunker-de-geddel-187x124.jpg 187w\" sizes=\"(max-width: 620px) 100vw, 620px\" \/><\/p>\n<p>A procuradora-geral da Rep\u00fablica, Raquel Dodge, refor\u00e7ou, em alega\u00e7\u00f5es finais, ao ministro Edson Fachin, do Supremo, o pedido de condena\u00e7\u00e3o dos irm\u00e3os L\u00facio (MDB) e Geddel Vieira Lima (MDB) e do empres\u00e1rio Luiz Fernando Machado Costa Silva pelos crimes de lavagem de dinheiro e associa\u00e7\u00e3o criminosa, no processo que envolve o bunker dos R$ 51 milh\u00f5es. A chefe do Minist\u00e9rio P\u00fablico Federal requer a condena\u00e7\u00e3o de Geddel a 80 anos de pris\u00e3o e 48 anos e seis meses para L\u00facio, ex-deputado federal.<\/p>\n<p>As alega\u00e7\u00f5es finais representam os \u00faltimos apelos que o Minist\u00e9rio P\u00fablico Federal e os r\u00e9us podem fazer no \u00e2mbito de uma a\u00e7\u00e3o penal. Ap\u00f3s a entrega do documento, eles j\u00e1 podem ser sentenciados.<\/p>\n<p>Geddel, preso desde 8 de setembro de 2017, L\u00facio, Luiz Fernando, e a m\u00e3e dos emedebistas, Marluce Vieira Lima, foram denunciados em dezembro de 2017, tr\u00eas meses ap\u00f3s a deflagra\u00e7\u00e3o da Opera\u00e7\u00e3o Tesouro Perdido, que apreendeu, em 5 de setembro daquele ano, os R$ 51 milh\u00f5es em dinheiro vivo \u2013 R$ 42,6 milh\u00f5es e US$ 2,6 milh\u00f5es \u2013 em um apartamento em Salvador, que fica a pouco mais de um quil\u00f4metro da casa da matriarca. No dinheiro, foram encontradas digitais de Geddel.<\/p>\n<p><img decoding=\"async\" loading=\"lazy\" class=\"aligncenter size-full wp-image-67207\" src=\"http:\/\/blitzconquista.com.br\/wp-content\/uploads\/2017\/12\/GEDDEL-IML-768x512.jpg\" alt=\"\" width=\"768\" height=\"512\" srcset=\"http:\/\/blitzconquista.com.br\/wp-content\/uploads\/2017\/12\/GEDDEL-IML-768x512.jpg 768w, http:\/\/blitzconquista.com.br\/wp-content\/uploads\/2017\/12\/GEDDEL-IML-768x512-300x200.jpg 300w, http:\/\/blitzconquista.com.br\/wp-content\/uploads\/2017\/12\/GEDDEL-IML-768x512-695x463.jpg 695w, http:\/\/blitzconquista.com.br\/wp-content\/uploads\/2017\/12\/GEDDEL-IML-768x512-414x276.jpg 414w, http:\/\/blitzconquista.com.br\/wp-content\/uploads\/2017\/12\/GEDDEL-IML-768x512-470x313.jpg 470w, http:\/\/blitzconquista.com.br\/wp-content\/uploads\/2017\/12\/GEDDEL-IML-768x512-640x426.jpg 640w, http:\/\/blitzconquista.com.br\/wp-content\/uploads\/2017\/12\/GEDDEL-IML-768x512-130x86.jpg 130w, http:\/\/blitzconquista.com.br\/wp-content\/uploads\/2017\/12\/GEDDEL-IML-768x512-187x124.jpg 187w\" sizes=\"(max-width: 768px) 100vw, 768px\" \/><\/p>\n<p>Na den\u00fancia, Raquel sustenta que parte dos valores apreendidos \u00e9 resultado de atos de corrup\u00e7\u00e3o identificados e investigados em outras frentes como as opera\u00e7\u00f5es Lava Jato e Cui Bono? \u2013 j\u00e1 denunciados tanto ao Supremo quanto \u00e0 primeira inst\u00e2ncia da Justi\u00e7a Federal.<\/p>\n<p>*Estad\u00e3o<\/p>\n","protected":false},"excerpt":{"rendered":"<p>Documento representa o \u00faltimo parecer do Minist\u00e9rio P\u00fablico Federal no processo; procuradora-geral da Rep\u00fablica tamb\u00e9m pediu a condena\u00e7\u00e3o do ex-deputado federal L\u00facio Vieira Lima (MDB). A procuradora-geral da Rep\u00fablica, Raquel Dodge, refor\u00e7ou, em alega\u00e7\u00f5es finais, ao ministro Edson Fachin, do Supremo, o pedido de condena\u00e7\u00e3o dos irm\u00e3os L\u00facio (MDB) e Geddel Vieira Lima (MDB) e [&hellip;]<\/p>\n","protected":false},"author":1,"featured_media":70594,"comment_status":"closed","ping_status":"closed","sticky":false,"template":"","format":"standard","meta":[],"categories":[5],"tags":[],"_links":{"self":[{"href":"http:\/\/blitzconquista.com.br\/index.php?rest_route=\/wp\/v2\/posts\/78566"}],"collection":[{"href":"http:\/\/blitzconquista.com.br\/index.php?rest_route=\/wp\/v2\/posts"}],"about":[{"href":"http:\/\/blitzconquista.com.br\/index.php?rest_route=\/wp\/v2\/types\/post"}],"author":[{"embeddable":true,"href":"http:\/\/blitzconquista.com.br\/index.php?rest_route=\/wp\/v2\/users\/1"}],"replies":[{"embeddable":true,"href":"http:\/\/blitzconquista.com.br\/index.php?rest_route=%2Fwp%2Fv2%2Fcomments&post=78566"}],"version-history":[{"count":3,"href":"http:\/\/blitzconquista.com.br\/index.php?rest_route=\/wp\/v2\/posts\/78566\/revisions"}],"predecessor-version":[{"id":78571,"href":"http:\/\/blitzconquista.com.br\/index.php?rest_route=\/wp\/v2\/posts\/78566\/revisions\/78571"}],"wp:featuredmedia":[{"embeddable":true,"href":"http:\/\/blitzconquista.com.br\/index.php?rest_route=\/wp\/v2\/media\/70594"}],"wp:attachment":[{"href":"http:\/\/blitzconquista.com.br\/index.php?rest_route=%2Fwp%2Fv2%2Fmedia&parent=78566"}],"wp:term":[{"taxonomy":"category","embeddable":true,"href":"http:\/\/blitzconquista.com.br\/index.php?rest_route=%2Fwp%2Fv2%2Fcategories&post=78566"},{"taxonomy":"post_tag","embeddable":true,"href":"http:\/\/blitzconquista.com.br\/index.php?rest_route=%2Fwp%2Fv2%2Ftags&post=78566"}],"curies":[{"name":"wp","href":"https:\/\/api.w.org\/{rel}","templated":true}]}}