{"id":78618,"date":"2019-01-11T09:12:21","date_gmt":"2019-01-11T12:12:21","guid":{"rendered":"http:\/\/blitzconquista.com.br\/?p=78618"},"modified":"2019-01-11T09:12:21","modified_gmt":"2019-01-11T12:12:21","slug":"pcdob-entra-na-disputa-com-o-pt-pela-secretaria-de-educacao","status":"publish","type":"post","link":"http:\/\/blitzconquista.com.br\/?p=78618","title":{"rendered":"PCdoB entra na disputa com o PT pela Secretaria de Educa\u00e7\u00e3o"},"content":{"rendered":"<p><strong>&#8220;Temos muita identidade com a \u00e1rea da educa\u00e7\u00e3o e temos quadros muito qualificados&#8221;, disse presidente da sigla<\/strong><\/p>\n<p><img decoding=\"async\" loading=\"lazy\" class=\"aligncenter size-full wp-image-78620\" src=\"http:\/\/blitzconquista.com.br\/wp-content\/uploads\/2019\/01\/davidson-magalhaes-3.jpeg\" alt=\"\" width=\"600\" height=\"420\" srcset=\"http:\/\/blitzconquista.com.br\/wp-content\/uploads\/2019\/01\/davidson-magalhaes-3.jpeg 600w, http:\/\/blitzconquista.com.br\/wp-content\/uploads\/2019\/01\/davidson-magalhaes-3-300x210.jpeg 300w\" sizes=\"(max-width: 600px) 100vw, 600px\" \/><\/p>\n<p>Enquanto o PT tenta\u00a0emplacar\u00a0os deputados Afonso Florence ou Valdenor Pereira no comando da Secretaria de Educa\u00e7\u00e3o, comandada atualmente por Walter Pinheiro, um dos seus aliados hist\u00f3ricos, o PCdoB, tamb\u00e9m pretende entrar na briga pelo posto.<\/p>\n<p>\u201cEstamos aguardando a posi\u00e7\u00e3o do governador, mas temos nomes t\u00e9cnicos para indicar. Temos muita identidade com a \u00e1rea da educa\u00e7\u00e3o e temos quadros muito qualificados\u201d, disse o presidente estadual do partido, Davidson Magalh\u00e3es, \u00e0 coluna Sat\u00e9lite, do jornal Correio.<\/p>\n<p>De acordo com a publica\u00e7\u00e3o, o PCdoB reivindica uma \u201csecretaria estruturante\u201d. Na mira est\u00e3o, al\u00e9m da Educa\u00e7\u00e3o, Sa\u00fade, Infraestrutura e Desenvolvimento Rural.<\/p>\n<p>*<a href=\"http:\/\/bahia.ba\/politica\/pcdob-entra-na-disputa-com-o-pt-pela-secretaria-de-educacao\/\">Bahia.ba<\/a><\/p>\n","protected":false},"excerpt":{"rendered":"<p>&#8220;Temos muita identidade com a \u00e1rea da educa\u00e7\u00e3o e temos quadros muito qualificados&#8221;, disse presidente da sigla Enquanto o PT tenta\u00a0emplacar\u00a0os deputados Afonso Florence ou Valdenor Pereira no comando da Secretaria de Educa\u00e7\u00e3o, comandada atualmente por Walter Pinheiro, um dos seus aliados hist\u00f3ricos, o PCdoB, tamb\u00e9m pretende entrar na briga pelo posto. \u201cEstamos aguardando a [&hellip;]<\/p>\n","protected":false},"author":1,"featured_media":78620,"comment_status":"closed","ping_status":"closed","sticky":false,"template":"","format":"standard","meta":[],"categories":[5],"tags":[],"_links":{"self":[{"href":"http:\/\/blitzconquista.com.br\/index.php?rest_route=\/wp\/v2\/posts\/78618"}],"collection":[{"href":"http:\/\/blitzconquista.com.br\/index.php?rest_route=\/wp\/v2\/posts"}],"about":[{"href":"http:\/\/blitzconquista.com.br\/index.php?rest_route=\/wp\/v2\/types\/post"}],"author":[{"embeddable":true,"href":"http:\/\/blitzconquista.com.br\/index.php?rest_route=\/wp\/v2\/users\/1"}],"replies":[{"embeddable":true,"href":"http:\/\/blitzconquista.com.br\/index.php?rest_route=%2Fwp%2Fv2%2Fcomments&post=78618"}],"version-history":[{"count":1,"href":"http:\/\/blitzconquista.com.br\/index.php?rest_route=\/wp\/v2\/posts\/78618\/revisions"}],"predecessor-version":[{"id":78621,"href":"http:\/\/blitzconquista.com.br\/index.php?rest_route=\/wp\/v2\/posts\/78618\/revisions\/78621"}],"wp:featuredmedia":[{"embeddable":true,"href":"http:\/\/blitzconquista.com.br\/index.php?rest_route=\/wp\/v2\/media\/78620"}],"wp:attachment":[{"href":"http:\/\/blitzconquista.com.br\/index.php?rest_route=%2Fwp%2Fv2%2Fmedia&parent=78618"}],"wp:term":[{"taxonomy":"category","embeddable":true,"href":"http:\/\/blitzconquista.com.br\/index.php?rest_route=%2Fwp%2Fv2%2Fcategories&post=78618"},{"taxonomy":"post_tag","embeddable":true,"href":"http:\/\/blitzconquista.com.br\/index.php?rest_route=%2Fwp%2Fv2%2Ftags&post=78618"}],"curies":[{"name":"wp","href":"https:\/\/api.w.org\/{rel}","templated":true}]}}