{"id":78622,"date":"2019-01-11T10:30:22","date_gmt":"2019-01-11T13:30:22","guid":{"rendered":"http:\/\/blitzconquista.com.br\/?p=78622"},"modified":"2019-01-11T10:30:22","modified_gmt":"2019-01-11T13:30:22","slug":"diretores-de-escola-protestam-na-frente-da-governadoria","status":"publish","type":"post","link":"http:\/\/blitzconquista.com.br\/?p=78622","title":{"rendered":"Diretores de escola protestam na frente da Governadoria"},"content":{"rendered":"<p><strong>Manifesta\u00e7\u00e3o ocorre por causa da Lei que determina dedica\u00e7\u00e3o exclusiva dos profissionais de educa\u00e7\u00e3o<\/strong><\/p>\n<p>Diretores de escolas estaduais e\u00a0 representantes do Sindicato dos Trabalhadores em Educa\u00e7\u00e3o do Estado da Bahia (APLB\u00a0) realizam um protesto em Salvador, na manh\u00e3 desta sexta-feira (11), na frente da Governadoria, no Centro Administrativo da Bahia (CAB).<\/p>\n<p><img decoding=\"async\" loading=\"lazy\" class=\"aligncenter size-full wp-image-78624\" src=\"http:\/\/blitzconquista.com.br\/wp-content\/uploads\/2019\/01\/mafesta\u00e7a\u00e3o-APLB.jpg\" alt=\"\" width=\"600\" height=\"420\" srcset=\"http:\/\/blitzconquista.com.br\/wp-content\/uploads\/2019\/01\/mafesta\u00e7a\u00e3o-APLB.jpg 600w, http:\/\/blitzconquista.com.br\/wp-content\/uploads\/2019\/01\/mafesta\u00e7a\u00e3o-APLB-300x210.jpg 300w\" sizes=\"(max-width: 600px) 100vw, 600px\" \/><\/p>\n<p>A manifesta\u00e7\u00e3o ocorre por causa da lei implantada pelo\u00a0governador Rui Costa que determina o regime de dedica\u00e7\u00e3o exclusiva\u00a0para os cargos de diretores e vice-diretores em unidades escolares.<\/p>\n<p>Segundo a APLB-Sindicato, a categoria mant\u00e9m posi\u00e7\u00e3o contr\u00e1ria \u00e0 medida e exige a revoga\u00e7\u00e3o imediata da lei.<\/p>\n<p>*<a href=\"http:\/\/bahia.ba\/salvador\/diretores-de-escola-protestam-na-frente-da-governadoria\/\">Bahia.ba<\/a><\/p>\n","protected":false},"excerpt":{"rendered":"<p>Manifesta\u00e7\u00e3o ocorre por causa da Lei que determina dedica\u00e7\u00e3o exclusiva dos profissionais de educa\u00e7\u00e3o Diretores de escolas estaduais e\u00a0 representantes do Sindicato dos Trabalhadores em Educa\u00e7\u00e3o do Estado da Bahia (APLB\u00a0) realizam um protesto em Salvador, na manh\u00e3 desta sexta-feira (11), na frente da Governadoria, no Centro Administrativo da Bahia (CAB). A manifesta\u00e7\u00e3o ocorre por [&hellip;]<\/p>\n","protected":false},"author":1,"featured_media":78624,"comment_status":"closed","ping_status":"closed","sticky":false,"template":"","format":"standard","meta":[],"categories":[5],"tags":[],"_links":{"self":[{"href":"http:\/\/blitzconquista.com.br\/index.php?rest_route=\/wp\/v2\/posts\/78622"}],"collection":[{"href":"http:\/\/blitzconquista.com.br\/index.php?rest_route=\/wp\/v2\/posts"}],"about":[{"href":"http:\/\/blitzconquista.com.br\/index.php?rest_route=\/wp\/v2\/types\/post"}],"author":[{"embeddable":true,"href":"http:\/\/blitzconquista.com.br\/index.php?rest_route=\/wp\/v2\/users\/1"}],"replies":[{"embeddable":true,"href":"http:\/\/blitzconquista.com.br\/index.php?rest_route=%2Fwp%2Fv2%2Fcomments&post=78622"}],"version-history":[{"count":1,"href":"http:\/\/blitzconquista.com.br\/index.php?rest_route=\/wp\/v2\/posts\/78622\/revisions"}],"predecessor-version":[{"id":78625,"href":"http:\/\/blitzconquista.com.br\/index.php?rest_route=\/wp\/v2\/posts\/78622\/revisions\/78625"}],"wp:featuredmedia":[{"embeddable":true,"href":"http:\/\/blitzconquista.com.br\/index.php?rest_route=\/wp\/v2\/media\/78624"}],"wp:attachment":[{"href":"http:\/\/blitzconquista.com.br\/index.php?rest_route=%2Fwp%2Fv2%2Fmedia&parent=78622"}],"wp:term":[{"taxonomy":"category","embeddable":true,"href":"http:\/\/blitzconquista.com.br\/index.php?rest_route=%2Fwp%2Fv2%2Fcategories&post=78622"},{"taxonomy":"post_tag","embeddable":true,"href":"http:\/\/blitzconquista.com.br\/index.php?rest_route=%2Fwp%2Fv2%2Ftags&post=78622"}],"curies":[{"name":"wp","href":"https:\/\/api.w.org\/{rel}","templated":true}]}}