{"id":89982,"date":"2020-02-10T10:23:32","date_gmt":"2020-02-10T13:23:32","guid":{"rendered":"http:\/\/blitzconquista.com.br\/?p=89982"},"modified":"2020-02-11T13:59:24","modified_gmt":"2020-02-11T16:59:24","slug":"colisao-frontao-causa-incendio-e-morte-na-br-116","status":"publish","type":"post","link":"http:\/\/blitzconquista.com.br\/?p=89982","title":{"rendered":"Colis\u00e3o frontal causa inc\u00eandio e morte na BR 116"},"content":{"rendered":"<p><img decoding=\"async\" loading=\"lazy\" class=\"wp-image-89980 alignnone size-full\" src=\"http:\/\/blitzconquista.com.br\/wp-content\/uploads\/2020\/02\/IMG-20200210-WA0006.jpg\" width=\"1280\" height=\"960\" data-temp-aztec-id=\"b8ff7a34-d335-44fc-a370-508836ec9e3c\" srcset=\"http:\/\/blitzconquista.com.br\/wp-content\/uploads\/2020\/02\/IMG-20200210-WA0006.jpg 1280w, http:\/\/blitzconquista.com.br\/wp-content\/uploads\/2020\/02\/IMG-20200210-WA0006-300x225.jpg 300w, http:\/\/blitzconquista.com.br\/wp-content\/uploads\/2020\/02\/IMG-20200210-WA0006-695x521.jpg 695w, http:\/\/blitzconquista.com.br\/wp-content\/uploads\/2020\/02\/IMG-20200210-WA0006-768x576.jpg 768w, http:\/\/blitzconquista.com.br\/wp-content\/uploads\/2020\/02\/IMG-20200210-WA0006-74x55.jpg 74w, http:\/\/blitzconquista.com.br\/wp-content\/uploads\/2020\/02\/IMG-20200210-WA0006-111x83.jpg 111w, http:\/\/blitzconquista.com.br\/wp-content\/uploads\/2020\/02\/IMG-20200210-WA0006-215x161.jpg 215w, http:\/\/blitzconquista.com.br\/wp-content\/uploads\/2020\/02\/IMG-20200210-WA0006-990x743.jpg 990w\" sizes=\"(max-width: 1280px) 100vw, 1280px\" \/><\/p>\n<p>Uma colis\u00e3o frontal envolvendo uma carreta e um caminh\u00e3o resultou em inc\u00eandio e morte, na noite deste domingo (09), na BR 116, trecho de Po\u00e7\u00f5es.<\/p>\n<p>O motorista da carreta morreu no local. O conduto do caminh\u00e3o foi encaminhado ao hospital com les\u00f5es leves.<\/p>\n<p><img decoding=\"async\" loading=\"lazy\" class=\"wp-image-89981 alignnone size-full\" src=\"http:\/\/blitzconquista.com.br\/wp-content\/uploads\/2020\/02\/IMG_20200210_102243.jpg\" width=\"872\" height=\"540\" srcset=\"http:\/\/blitzconquista.com.br\/wp-content\/uploads\/2020\/02\/IMG_20200210_102243.jpg 872w, http:\/\/blitzconquista.com.br\/wp-content\/uploads\/2020\/02\/IMG_20200210_102243-300x186.jpg 300w, http:\/\/blitzconquista.com.br\/wp-content\/uploads\/2020\/02\/IMG_20200210_102243-695x430.jpg 695w, http:\/\/blitzconquista.com.br\/wp-content\/uploads\/2020\/02\/IMG_20200210_102243-768x476.jpg 768w\" sizes=\"(max-width: 872px) 100vw, 872px\" \/><\/p>\n<p>Devido a gravidade do acidente, que resultou no inc\u00eandio, a pista ficou interditada por v\u00e1rias horas.<\/p>\n","protected":false},"excerpt":{"rendered":"<p>Uma colis\u00e3o frontal envolvendo uma carreta e um caminh\u00e3o resultou em inc\u00eandio e morte, na noite deste domingo (09), na BR 116, trecho de Po\u00e7\u00f5es. O motorista da carreta morreu no local. O conduto do caminh\u00e3o foi encaminhado ao hospital com les\u00f5es leves. Devido a gravidade do acidente, que resultou no inc\u00eandio, a pista ficou [&hellip;]<\/p>\n","protected":false},"author":1,"featured_media":89981,"comment_status":"closed","ping_status":"closed","sticky":false,"template":"","format":"standard","meta":[],"categories":[212,7],"tags":[],"_links":{"self":[{"href":"http:\/\/blitzconquista.com.br\/index.php?rest_route=\/wp\/v2\/posts\/89982"}],"collection":[{"href":"http:\/\/blitzconquista.com.br\/index.php?rest_route=\/wp\/v2\/posts"}],"about":[{"href":"http:\/\/blitzconquista.com.br\/index.php?rest_route=\/wp\/v2\/types\/post"}],"author":[{"embeddable":true,"href":"http:\/\/blitzconquista.com.br\/index.php?rest_route=\/wp\/v2\/users\/1"}],"replies":[{"embeddable":true,"href":"http:\/\/blitzconquista.com.br\/index.php?rest_route=%2Fwp%2Fv2%2Fcomments&post=89982"}],"version-history":[{"count":2,"href":"http:\/\/blitzconquista.com.br\/index.php?rest_route=\/wp\/v2\/posts\/89982\/revisions"}],"predecessor-version":[{"id":90003,"href":"http:\/\/blitzconquista.com.br\/index.php?rest_route=\/wp\/v2\/posts\/89982\/revisions\/90003"}],"wp:featuredmedia":[{"embeddable":true,"href":"http:\/\/blitzconquista.com.br\/index.php?rest_route=\/wp\/v2\/media\/89981"}],"wp:attachment":[{"href":"http:\/\/blitzconquista.com.br\/index.php?rest_route=%2Fwp%2Fv2%2Fmedia&parent=89982"}],"wp:term":[{"taxonomy":"category","embeddable":true,"href":"http:\/\/blitzconquista.com.br\/index.php?rest_route=%2Fwp%2Fv2%2Fcategories&post=89982"},{"taxonomy":"post_tag","embeddable":true,"href":"http:\/\/blitzconquista.com.br\/index.php?rest_route=%2Fwp%2Fv2%2Ftags&post=89982"}],"curies":[{"name":"wp","href":"https:\/\/api.w.org\/{rel}","templated":true}]}}