{"id":89985,"date":"2020-02-10T10:25:56","date_gmt":"2020-02-10T13:25:56","guid":{"rendered":"http:\/\/blitzconquista.com.br\/?p=89985"},"modified":"2020-02-10T10:26:00","modified_gmt":"2020-02-10T13:26:00","slug":"comeca-hoje-campanha-de-vacinacao-contra-o-sarampo","status":"publish","type":"post","link":"http:\/\/blitzconquista.com.br\/?p=89985","title":{"rendered":"Come\u00e7a hoje campanha de vacina\u00e7\u00e3o contra o sarampo"},"content":{"rendered":"<h3 style=\"box-sizing:border-box; font-family:Raleway,sans-serif; font-weight:300; line-height:1.1; color:rgb(152,152,152); margin:10px0px30px; font-size:20px; padding:0px; font-style:italic; font-variant-ligatures:normal; font-variant-caps:normal; letter-spacing:normal; orphans:2text-indent:0px; text-transform:none; white-space:normal; widows:2; word-spacing:0px; -webkit-text-stroke-width:0px; background-color:rgb(255,255,255); text-decoration-style:initial; text-decoration-color:initial; text-align:left;\"><strong>A campanha esta prevista para durar at\u00e9 13 de mar\u00e7o<\/strong><\/h3>\n<p><img decoding=\"async\" loading=\"lazy\" src=\"http:\/\/blitzconquista.com.br\/wp-content\/uploads\/2020\/02\/vacina_sarampo_-_marcelo_camargo.jpg\" width=\"367\" height=\"183\" class=\"wp-image-89984 alignnone size-full\" srcset=\"http:\/\/blitzconquista.com.br\/wp-content\/uploads\/2020\/02\/vacina_sarampo_-_marcelo_camargo.jpg 367w, http:\/\/blitzconquista.com.br\/wp-content\/uploads\/2020\/02\/vacina_sarampo_-_marcelo_camargo-300x150.jpg 300w\" sizes=\"(max-width: 367px) 100vw, 367px\" \/><\/p>\n<p style=\"box-sizing: border-box; margin: 0px 0px 1em; padding: 0px; font-family: Raleway, sans-serif; font-weight: 400; font-size: 14pt; line-height: 1.8em; color: rgb(51, 51, 51); font-style: normal; font-variant-ligatures: normal; font-variant-caps: normal; letter-spacing: normal; orphans: 2; text-align: start; text-indent: 0px; text-transform: none; white-space: normal; widows: 2; word-spacing: 0px; -webkit-text-stroke-width: 0px; background-color: rgb(255, 255, 255); text-decoration-style: initial; text-decoration-color: initial;\">O p\u00fablico alvo s\u00e3o crian\u00e7as a partir de 5 anos a adolescentes de at\u00e9 19 anos.<\/p>\n<p style=\"box-sizing: border-box; margin: 0px 0px 1em; padding: 0px; font-family: Raleway, sans-serif; font-weight: 400; font-size: 14pt; line-height: 1.8em; color: rgb(51, 51, 51); font-style: normal; font-variant-ligatures: normal; font-variant-caps: normal; letter-spacing: normal; orphans: 2; text-align: start; text-indent: 0px; text-transform: none; white-space: normal; widows: 2; word-spacing: 0px; -webkit-text-stroke-width: 0px; background-color: rgb(255, 255, 255); text-decoration-style: initial; text-decoration-color: initial;\">O ministro da Sa\u00fade, Luiz Henrique Mandetta, tem feito apelos, principalmente aos mais jovens, para que tomem vacina.<\/p>\n<p style=\"box-sizing: border-box; margin: 0px 0px 1em; padding: 0px; font-family: Raleway, sans-serif; font-weight: 400; font-size: 14pt; line-height: 1.8em; color: rgb(51, 51, 51); font-style: normal; font-variant-ligatures: normal; font-variant-caps: normal; letter-spacing: normal; orphans: 2; text-align: start; text-indent: 0px; text-transform: none; white-space: normal; widows: 2; word-spacing: 0px; -webkit-text-stroke-width: 0px; background-color: rgb(255, 255, 255); text-decoration-style: initial; text-decoration-color: initial;\">Tamb\u00e9m podem receber a imuniza\u00e7\u00e3o os beb\u00eas com 6 meses ou mais, al\u00e9m de crian\u00e7as, adolescentes e adultos que nasceram a partir de 1960. No pr\u00f3ximo s\u00e1bado, dia 15, ser\u00e1 o dia D de mobiliza\u00e7\u00e3o pela vacina contra o sarampo.<\/p>\n","protected":false},"excerpt":{"rendered":"<p>A campanha esta prevista para durar at\u00e9 13 de mar\u00e7o O p\u00fablico alvo s\u00e3o crian\u00e7as a partir de 5 anos a adolescentes de at\u00e9 19 anos. O ministro da Sa\u00fade, Luiz Henrique Mandetta, tem feito apelos, principalmente aos mais jovens, para que tomem vacina. Tamb\u00e9m podem receber a imuniza\u00e7\u00e3o os beb\u00eas com 6 meses ou [&hellip;]<\/p>\n","protected":false},"author":1,"featured_media":89984,"comment_status":"closed","ping_status":"closed","sticky":false,"template":"","format":"standard","meta":[],"categories":[212,30],"tags":[],"_links":{"self":[{"href":"http:\/\/blitzconquista.com.br\/index.php?rest_route=\/wp\/v2\/posts\/89985"}],"collection":[{"href":"http:\/\/blitzconquista.com.br\/index.php?rest_route=\/wp\/v2\/posts"}],"about":[{"href":"http:\/\/blitzconquista.com.br\/index.php?rest_route=\/wp\/v2\/types\/post"}],"author":[{"embeddable":true,"href":"http:\/\/blitzconquista.com.br\/index.php?rest_route=\/wp\/v2\/users\/1"}],"replies":[{"embeddable":true,"href":"http:\/\/blitzconquista.com.br\/index.php?rest_route=%2Fwp%2Fv2%2Fcomments&post=89985"}],"version-history":[{"count":1,"href":"http:\/\/blitzconquista.com.br\/index.php?rest_route=\/wp\/v2\/posts\/89985\/revisions"}],"predecessor-version":[{"id":89986,"href":"http:\/\/blitzconquista.com.br\/index.php?rest_route=\/wp\/v2\/posts\/89985\/revisions\/89986"}],"wp:featuredmedia":[{"embeddable":true,"href":"http:\/\/blitzconquista.com.br\/index.php?rest_route=\/wp\/v2\/media\/89984"}],"wp:attachment":[{"href":"http:\/\/blitzconquista.com.br\/index.php?rest_route=%2Fwp%2Fv2%2Fmedia&parent=89985"}],"wp:term":[{"taxonomy":"category","embeddable":true,"href":"http:\/\/blitzconquista.com.br\/index.php?rest_route=%2Fwp%2Fv2%2Fcategories&post=89985"},{"taxonomy":"post_tag","embeddable":true,"href":"http:\/\/blitzconquista.com.br\/index.php?rest_route=%2Fwp%2Fv2%2Ftags&post=89985"}],"curies":[{"name":"wp","href":"https:\/\/api.w.org\/{rel}","templated":true}]}}