{"id":89999,"date":"2020-02-11T07:41:53","date_gmt":"2020-02-11T10:41:53","guid":{"rendered":"http:\/\/blitzconquista.com.br\/?p=89999"},"modified":"2020-02-11T07:41:53","modified_gmt":"2020-02-11T10:41:53","slug":"uesb-autodeclaracao-de-estudante-ruivo-que-entrou-em-medicina-por-cotas-e-irregular","status":"publish","type":"post","link":"http:\/\/blitzconquista.com.br\/?p=89999","title":{"rendered":"Uesb: autodeclara\u00e7\u00e3o de estudante ruivo que entrou em medicina por cotas \u00e9 irregular"},"content":{"rendered":"<p><strong>Todo o relat\u00f3rio e as defini\u00e7\u00f5es da institui\u00e7\u00e3o estadual, contudo, dever\u00e3o ser finalizados em um prazo de 60 dias, a contar desta segunda (10)<\/strong><\/p>\n<p><img decoding=\"async\" loading=\"lazy\" class=\"aligncenter size-full wp-image-90001\" src=\"http:\/\/blitzconquista.com.br\/wp-content\/uploads\/2020\/02\/uesb.jpg\" alt=\"\" width=\"984\" height=\"616\" srcset=\"http:\/\/blitzconquista.com.br\/wp-content\/uploads\/2020\/02\/uesb.jpg 984w, http:\/\/blitzconquista.com.br\/wp-content\/uploads\/2020\/02\/uesb-300x188.jpg 300w, http:\/\/blitzconquista.com.br\/wp-content\/uploads\/2020\/02\/uesb-695x435.jpg 695w, http:\/\/blitzconquista.com.br\/wp-content\/uploads\/2020\/02\/uesb-768x481.jpg 768w, http:\/\/blitzconquista.com.br\/wp-content\/uploads\/2020\/02\/uesb-320x200.jpg 320w\" sizes=\"(max-width: 984px) 100vw, 984px\" \/><\/p>\n<p>Segundo o site Bahia.ba a Universidade Estadual do Sudoeste da Bahia (Uesb) concluiu que a autodeclara\u00e7\u00e3o de um estudante branco e de cabelos ruivos, que conseguiu vaga no curso de medicina por meio de cotas raciais, \u00e9 irregular.<\/p>\n<p>A decis\u00e3o ocorreu ap\u00f3s um procedimento de sindic\u00e2ncia ter sido instaurado para apurar o caso e foi anunciada na segunda-feira (10), em comunicado oficial emitido pela pr\u00f3pria institui\u00e7\u00e3o.<\/p>\n<p>No documento, a Uesb explica que ainda vai definir os membros que dever\u00e3o compor a Comiss\u00e3o Processante, ap\u00f3s o recesso acad\u00eamico. As aulas foram iniciadas no dia 20 de janeiro deste ano.<\/p>\n<p>Todo o relat\u00f3rio e as defini\u00e7\u00f5es da institui\u00e7\u00e3o estadual dever\u00e3o ser finalizados em um prazo de 60 dias.<\/p>\n<p>O estudante branco e de cabelos ruivos que se autodeclarou como pardo no momento da inscri\u00e7\u00e3o para o Vestibular Uesb 2019 foi Michelson Mendon\u00e7a da Silva.<\/p>\n<p>*Bahia.ba<\/p>\n","protected":false},"excerpt":{"rendered":"<p>Todo o relat\u00f3rio e as defini\u00e7\u00f5es da institui\u00e7\u00e3o estadual, contudo, dever\u00e3o ser finalizados em um prazo de 60 dias, a contar desta segunda (10) Segundo o site Bahia.ba a Universidade Estadual do Sudoeste da Bahia (Uesb) concluiu que a autodeclara\u00e7\u00e3o de um estudante branco e de cabelos ruivos, que conseguiu vaga no curso de medicina [&hellip;]<\/p>\n","protected":false},"author":1,"featured_media":90001,"comment_status":"closed","ping_status":"closed","sticky":false,"template":"","format":"standard","meta":[],"categories":[212,28],"tags":[],"_links":{"self":[{"href":"http:\/\/blitzconquista.com.br\/index.php?rest_route=\/wp\/v2\/posts\/89999"}],"collection":[{"href":"http:\/\/blitzconquista.com.br\/index.php?rest_route=\/wp\/v2\/posts"}],"about":[{"href":"http:\/\/blitzconquista.com.br\/index.php?rest_route=\/wp\/v2\/types\/post"}],"author":[{"embeddable":true,"href":"http:\/\/blitzconquista.com.br\/index.php?rest_route=\/wp\/v2\/users\/1"}],"replies":[{"embeddable":true,"href":"http:\/\/blitzconquista.com.br\/index.php?rest_route=%2Fwp%2Fv2%2Fcomments&post=89999"}],"version-history":[{"count":1,"href":"http:\/\/blitzconquista.com.br\/index.php?rest_route=\/wp\/v2\/posts\/89999\/revisions"}],"predecessor-version":[{"id":90002,"href":"http:\/\/blitzconquista.com.br\/index.php?rest_route=\/wp\/v2\/posts\/89999\/revisions\/90002"}],"wp:featuredmedia":[{"embeddable":true,"href":"http:\/\/blitzconquista.com.br\/index.php?rest_route=\/wp\/v2\/media\/90001"}],"wp:attachment":[{"href":"http:\/\/blitzconquista.com.br\/index.php?rest_route=%2Fwp%2Fv2%2Fmedia&parent=89999"}],"wp:term":[{"taxonomy":"category","embeddable":true,"href":"http:\/\/blitzconquista.com.br\/index.php?rest_route=%2Fwp%2Fv2%2Fcategories&post=89999"},{"taxonomy":"post_tag","embeddable":true,"href":"http:\/\/blitzconquista.com.br\/index.php?rest_route=%2Fwp%2Fv2%2Ftags&post=89999"}],"curies":[{"name":"wp","href":"https:\/\/api.w.org\/{rel}","templated":true}]}}