{"id":90071,"date":"2020-02-17T07:15:47","date_gmt":"2020-02-17T10:15:47","guid":{"rendered":"http:\/\/blitzconquista.com.br\/?p=90071"},"modified":"2020-02-17T07:15:47","modified_gmt":"2020-02-17T10:15:47","slug":"cancer-inca-alerta-para-sinais-e-sintomas-persistentes-em-criancas","status":"publish","type":"post","link":"http:\/\/blitzconquista.com.br\/?p=90071","title":{"rendered":"C\u00e2ncer: Inca alerta para sinais e sintomas persistentes em crian\u00e7as"},"content":{"rendered":"<p><img decoding=\"async\" loading=\"lazy\" class=\"aligncenter size-full wp-image-90073\" src=\"http:\/\/blitzconquista.com.br\/wp-content\/uploads\/2020\/02\/25022016-joao_lucas_sendo_atendido_pela_medica_vanessa_van_der_linden.jpg\" alt=\"\" width=\"1170\" height=\"700\" srcset=\"http:\/\/blitzconquista.com.br\/wp-content\/uploads\/2020\/02\/25022016-joao_lucas_sendo_atendido_pela_medica_vanessa_van_der_linden.jpg 1170w, http:\/\/blitzconquista.com.br\/wp-content\/uploads\/2020\/02\/25022016-joao_lucas_sendo_atendido_pela_medica_vanessa_van_der_linden-300x179.jpg 300w, http:\/\/blitzconquista.com.br\/wp-content\/uploads\/2020\/02\/25022016-joao_lucas_sendo_atendido_pela_medica_vanessa_van_der_linden-695x416.jpg 695w, http:\/\/blitzconquista.com.br\/wp-content\/uploads\/2020\/02\/25022016-joao_lucas_sendo_atendido_pela_medica_vanessa_van_der_linden-768x459.jpg 768w, http:\/\/blitzconquista.com.br\/wp-content\/uploads\/2020\/02\/25022016-joao_lucas_sendo_atendido_pela_medica_vanessa_van_der_linden-990x592.jpg 990w\" sizes=\"(max-width: 1170px) 100vw, 1170px\" \/><\/p>\n<p class=\"col-10 offset-1 animated fadeInDown dealy-750 display-6 display-md-4 display-lg-5 font-weight-bold alt-font text-center my-1\"><strong>C\u00e2ncer: Inca alerta para sinais e sintomas persistentes em crian\u00e7as<\/strong><\/p>\n<div class=\"post-item-wrap\">\n<p>No Dia Internacional do C\u00e2ncer na Inf\u00e2ncia, lembrado hoje (15), o alerta do Instituto Nacional de C\u00e2ncer (Inca) \u00e9 para os sinais e sintomas persistentes em crian\u00e7as e adolescentes, mesmo aqueles que indicam para doen\u00e7as comuns. De acordo com a chefe da Se\u00e7\u00e3o de Oncologia Pedi\u00e1trica do Inca, Sima Ferman, alguns estudos indicam que mais de tr\u00eas idas ao m\u00e9dico com o mesmo sintoma \u00e9 uma situa\u00e7\u00e3o que merece aten\u00e7\u00e3o especial.<\/p>\n<p>Os sinais do c\u00e2ncer pedi\u00e1trico, muitas vezes, s\u00e3o parecidos com os de doen\u00e7as comuns entre crian\u00e7as e adolescentes, por isso o diagn\u00f3stico \u00e9 um grande desafio, segundo a especialista. \u201cN\u00e3o significa que qualquer sinal e sintoma \u00e9 c\u00e2ncer, mas toda crian\u00e7a precisa ser acompanhada pelo pediatra regularmente, toda queixa da crian\u00e7a precisa ser valorizada tanto pelos pais quanto pelos profissionais de sa\u00fade\u201d, explicou.<\/p>\n<p>Alguns sintomas s\u00e3o palidez, manchas roxas, dor na perna, caro\u00e7os e incha\u00e7os indolores, perda de peso inexplic\u00e1vel, incha\u00e7o da barriga, altera\u00e7\u00f5es nos olhos, dor de cabe\u00e7a, fadiga, tontura e sonol\u00eancia. A previs\u00e3o do Inca, \u00e9 que em 2020 sejam registrados mais de 8,4 mil novos casos de c\u00e2ncer em crian\u00e7as e adolescentes.<\/p>\n<p>Diagnosticar precocemente \u00e9 importante pois n\u00e3o \u00e9 poss\u00edvel prevenir o c\u00e2ncer infantojuvenil. A especialista explicou \u00e0 Ag\u00eancia Brasil que, na maioria das vezes, a doen\u00e7a em crian\u00e7as e adolescente tem causa desconhecida. \u201cNo adulto, por exemplo, a pessoa que fuma pode desenvolver c\u00e2ncer de pulm\u00e3o, ent\u00e3o s\u00e3o fatores ambientais e de estilo de vida que muitas vezes s\u00e3o associados ao aparecimento do c\u00e2ncer. Na crian\u00e7a, s\u00e3o fatores intr\u00ednsecos do seu pr\u00f3prio corpo. O que n\u00f3s temos, ent\u00e3o, que fazer, para conseguir a maior chance de cura, \u00e9 um diagn\u00f3stico precoce\u201d, disse.<\/p>\n<h2>Tratamento especializado<\/h2>\n<p>O Dia Internacional do C\u00e2ncer na Inf\u00e2ncia, criado em 2002 pela Childhood Cancer International, simboliza uma campanha global para conscientizar sobre o c\u00e2ncer infantil e expressar apoio \u00e0s crian\u00e7as e adolescentes e suas fam\u00edlias. O foco, em 2020, \u00e9 a redu\u00e7\u00e3o de fronteiras e o aumento do acesso aos cuidados e \u00e0 cura.<\/p>\n<p>De acordo com Sima, al\u00e9m da identifica\u00e7\u00e3o precoce da doen\u00e7a, a grande preocupa\u00e7\u00e3o \u00e9 para onde encaminhar os pacientes, j\u00e1 que a maior parte dos centros especializados em oncologia pedi\u00e1trica est\u00e3o no Sudeste do Brasil. Existem, atualmente, 317 unidades e centros de assist\u00eancia habilitados no tratamento do c\u00e2ncer pelo Sistema \u00danico de Sa\u00fade (SUS), mas nem todos com atendimento especializado para crian\u00e7as e adolescentes.<\/p>\n<p>Os tipos mais comuns de c\u00e2ncer infantil s\u00e3o leucemias (c\u00e2ncer dos tecidos produtores de sangue) e tumores no sistema nervoso e linfomas (c\u00e2ncer do sistema linf\u00e1tico). E o tratamento da crian\u00e7a \u00e9 todo diferenciado. Segundo a m\u00e9dica do Inca, h\u00e1 um esfor\u00e7o tanto do governo quanto de organiza\u00e7\u00f5es n\u00e3o governamentais de ampliar a rede de centros especializados pelo pa\u00eds para que o paciente n\u00e3o precise migrar para fazer o tratamento, que pode levar de seis meses a dois anos. \u201cMas isso ainda \u00e9 perspectiva para o futuro\u201d, disse.<\/p>\n<h2>Cura<\/h2>\n<p>Em todo o mundo, o c\u00e2ncer representa a primeira causa de morte, 8% do total, por doen\u00e7a entre crian\u00e7as e adolescentes de 1 a 19 anos de idade. Mas com o diagn\u00f3stico precoce e o tratamento especializado, o c\u00e2ncer pedi\u00e1trico \u00e9 potencialmente cur\u00e1vel.<\/p>\n<p>Nos pa\u00edses de alta renda, a cura chega a 80% dos casos. \u201cNo Brasil e outros pa\u00edses de baixa e m\u00e9dia rendas existe ainda uma lacuna em rela\u00e7\u00e3o a esse percentual, principalmente porque, ainda, muitas crian\u00e7as chegam ao centro de tratamento com a doen\u00e7a avan\u00e7ada\u201d, explicou Sima Ferman. No Brasil a taxa de cura \u00e9 de 65%.<\/p>\n<p>Segundo ela, h\u00e1 muitas quest\u00f5es socioecon\u00f4micas que interferem no resultado do tratamento, pois impedem que o paciente cumpra as idas necess\u00e1rias ao hospital. \u201cPor essa raz\u00e3o, sempre pensamos que, aqui no nosso pa\u00eds, n\u00e3o \u00e9 s\u00f3 tratar a doen\u00e7a em si, mas temos que dar condi\u00e7\u00f5es para os pacientes chegarem ao hospital\u201d, disse, citando entidades que oferecem casas de apoio como o Instituto Ronald McDonald. A assist\u00eancia social tamb\u00e9m \u00e9 fundamental para que o paciente consiga as ajudas poss\u00edveis por meio do governo.<\/p>\n<p>A m\u00e9dica do Inca destaca ainda que os pais precisam estar conscientes da import\u00e2ncia do tratamento ser feito na totalidade e precisam manter a esperan\u00e7a que o seu filho vai ficar bem. \u201cO c\u00e2ncer hoje em dia n\u00e3o \u00e9 uma doen\u00e7a que a gente deve temer, mas sim \u00e9 uma doen\u00e7a que \u00e9 uma sin\u00f4nimo de luta pela vida\u201d, disse.<\/p>\n<p>\u201cAs crian\u00e7as s\u00e3o surpreendentes. Muitas vezes os pais querem proteger seus filhos, quando, na verdade, eles d\u00e3o muita for\u00e7a para seus pais\u201d.<\/p>\n<p>*EBC<\/p>\n<\/div>\n","protected":false},"excerpt":{"rendered":"<p>C\u00e2ncer: Inca alerta para sinais e sintomas persistentes em crian\u00e7as No Dia Internacional do C\u00e2ncer na Inf\u00e2ncia, lembrado hoje (15), o alerta do Instituto Nacional de C\u00e2ncer (Inca) \u00e9 para os sinais e sintomas persistentes em crian\u00e7as e adolescentes, mesmo aqueles que indicam para doen\u00e7as comuns. De acordo com a chefe da Se\u00e7\u00e3o de Oncologia [&hellip;]<\/p>\n","protected":false},"author":1,"featured_media":90073,"comment_status":"closed","ping_status":"closed","sticky":false,"template":"","format":"standard","meta":[],"categories":[30],"tags":[],"_links":{"self":[{"href":"http:\/\/blitzconquista.com.br\/index.php?rest_route=\/wp\/v2\/posts\/90071"}],"collection":[{"href":"http:\/\/blitzconquista.com.br\/index.php?rest_route=\/wp\/v2\/posts"}],"about":[{"href":"http:\/\/blitzconquista.com.br\/index.php?rest_route=\/wp\/v2\/types\/post"}],"author":[{"embeddable":true,"href":"http:\/\/blitzconquista.com.br\/index.php?rest_route=\/wp\/v2\/users\/1"}],"replies":[{"embeddable":true,"href":"http:\/\/blitzconquista.com.br\/index.php?rest_route=%2Fwp%2Fv2%2Fcomments&post=90071"}],"version-history":[{"count":1,"href":"http:\/\/blitzconquista.com.br\/index.php?rest_route=\/wp\/v2\/posts\/90071\/revisions"}],"predecessor-version":[{"id":90074,"href":"http:\/\/blitzconquista.com.br\/index.php?rest_route=\/wp\/v2\/posts\/90071\/revisions\/90074"}],"wp:featuredmedia":[{"embeddable":true,"href":"http:\/\/blitzconquista.com.br\/index.php?rest_route=\/wp\/v2\/media\/90073"}],"wp:attachment":[{"href":"http:\/\/blitzconquista.com.br\/index.php?rest_route=%2Fwp%2Fv2%2Fmedia&parent=90071"}],"wp:term":[{"taxonomy":"category","embeddable":true,"href":"http:\/\/blitzconquista.com.br\/index.php?rest_route=%2Fwp%2Fv2%2Fcategories&post=90071"},{"taxonomy":"post_tag","embeddable":true,"href":"http:\/\/blitzconquista.com.br\/index.php?rest_route=%2Fwp%2Fv2%2Ftags&post=90071"}],"curies":[{"name":"wp","href":"https:\/\/api.w.org\/{rel}","templated":true}]}}