{"id":90156,"date":"2020-02-26T12:09:42","date_gmt":"2020-02-26T15:09:42","guid":{"rendered":"http:\/\/blitzconquista.com.br\/?p=90156"},"modified":"2020-02-26T12:10:00","modified_gmt":"2020-02-26T15:10:00","slug":"sac-deixara-de-emitir-carteira-de-trabalho-a-partir-de-marco","status":"publish","type":"post","link":"http:\/\/blitzconquista.com.br\/?p=90156","title":{"rendered":"SAC deixar\u00e1 de emitir carteira de trabalho a partir de mar\u00e7o"},"content":{"rendered":"<p><strong>Apenas dois dos 13 postos continuar\u00e3o emitindo o documento, ap\u00f3s determina\u00e7\u00e3o do governo federal<\/strong><\/p>\n<p><img decoding=\"async\" loading=\"lazy\" src=\"http:\/\/blitzconquista.com.br\/wp-content\/uploads\/2020\/02\/12-09-12-z1964378801021973090.jpg\" class=\"wp-image-90155 alignnone size-full\" width=\"275\" height=\"183\" srcset=\"http:\/\/blitzconquista.com.br\/wp-content\/uploads\/2020\/02\/12-09-12-z1964378801021973090.jpg 275w, http:\/\/blitzconquista.com.br\/wp-content\/uploads\/2020\/02\/12-09-12-z1964378801021973090-130x86.jpg 130w, http:\/\/blitzconquista.com.br\/wp-content\/uploads\/2020\/02\/12-09-12-z1964378801021973090-187x124.jpg 187w\" sizes=\"(max-width: 275px) 100vw, 275px\" \/><\/p>\n<div class=\"ui top fixed medium menu page grid\" id=\"top-menu\" style=\"box-sizing:inherit; margin:0px; padding:0px; border-top:none; border-right:none; border-bottom:1pxsolidrgba(34,36,38,0.15); border-left:none; border-image:initial; font-style:normal; font-variant-ligatures:normal; font-variant-caps:normal; font-variant-numeric:inherit; font-variant-east-asian:inherit; font-weight:400; font-stretch:inherit; line-height:inherit; font-family:Lato,\" helveticaneue\",arial,helvetica,sans-serif; font-size:1rem; vertical-align:baseline; display:flex; -webkit-box-orient:horizontal; -webkit-box-direction:normal; flex-flow:rowwrap; -webkit-box-align:stretch; align-items:stretch; background:rgb(255,255,255); box-shadow:rgba(34,36,38,0.15)0px1px2px0px; border-radius:0px!important; min-height:2.85714em; position:fixed; backface-visibility:hidden; transition:transform500msease0s; will-change:transform; z-index:101; width:393.091px; top:0px; left:0px; right:auto; bottom:auto; color:rgba(0,0,0,0.87); letter-spacing:normal; orphans:2text-indent:0px; text-transform:none; white-space:normal; widows:2; word-spacing:0px; -webkit-text-stroke-width:0px; text-decoration-style:initial; text-decoration-color:initial; text-align:left;\">\n<div class=\"item removeBorderItemMenu\" style=\"box-sizing:inherit; margin:0px; padding:0.928571em1.14286em; border:0px; font-style:inherit; font-variant:inherit; font-weight:400; font-stretch:inherit; line-height:1; font-family:inherit; font-size:16px; vertical-align:middle; position:relative; text-decoration:none; -webkit-tap-highlight-color:transparent; -webkit-box-flex:0; flex:00auto; user-select:none; background:0px0px; text-transform:none; color:rgba(0,0,0,0.87); transition:background0.1sease0s,box-shadow0.1sease0s,color0.1sease0s; display:flex; -webkit-box-align:center; align-items:center;\">Onze dos 13 postos da capital deixar\u00e3o de emitir a carteira de trabalho. A nova regra \u00e9 v\u00e1lida a partir de 3 de mar\u00e7o, conforme determina\u00e7\u00e3o do governo federal. Continuar\u00e3o oferecendo o servi\u00e7o os postos dos shopping Bela Vista e Barra, mediante agendamento via SAC Digital.<\/div>\n<\/div>\n<div class=\"pusher\" style=\"box-sizing:inherit; margin:0px; padding:0px; border:0px; font-style:normal; font-variant-ligatures:normal; font-variant-caps:normal; font-variant-numeric:inherit; font-variant-east-asian:inherit; font-weight:400; font-stretch:inherit; line-height:inherit; font-family:Roboto,sans-serif; font-size:8.8px; vertical-align:baseline; position:relative; backface-visibility:hidden; overflow:hidden; min-height:100%; transition:transform500msease0s; z-index:2; background:rgb(255,255,255); color:rgba(0,0,0,0.87); letter-spacing:normal; orphans:2text-indent:0px; text-transform:none; white-space:normal; widows:2; word-spacing:0px; -webkit-text-stroke-width:0px; text-decoration-style:initial; text-decoration-color:initial; text-align:left;\">\n<div class=\"container\" style=\"box-sizing:inherit; margin:0pxauto; padding:0px; border:0px; font-style:inherit; font-variant:inherit; font-weight:inherit; font-stretch:inherit; line-height:inherit; font-family:inherit; font-size:8.8px; vertical-align:baseline; position:relative; width:393.091px;\">\n<div class=\"main-interno\" style=\"box-sizing:inherit; margin:0px19.6534px; padding:0px; border:0px; font-style:inherit; font-variant:inherit; font-weight:inherit; font-stretch:inherit; line-height:inherit; font-family:inherit; font-size:8.8px; vertical-align:baseline; width:353.778px;\">\n<div class=\"grid-base-int\" style=\"box-sizing:inherit; margin:0px; padding:0px; border:0px; font-style:inherit; font-variant:inherit; font-weight:inherit; font-stretch:inherit; line-height:inherit; font-family:inherit; font-size:8.8px; vertical-align:baseline; float:left; width:353.778px;\">\n<div class=\"materia-conteudo\" style=\"box-sizing:inherit; margin:5px0px0px; padding:0px; border:0px; font-style:inherit; font-variant:inherit; font-weight:inherit; font-stretch:inherit; line-height:inherit; font-family:inherit; font-size:8.8px; vertical-align:baseline;\">\n<div class=\"materia\" style=\"box-sizing:inherit; margin:20px0px; padding:0px15px0px0px; border:0px; font-style:inherit; font-variant:inherit; font-weight:inherit; font-stretch:inherit; line-height:21.12px; font-family:inherit; font-size:1.6em; vertical-align:baseline; float:left; width:353.778px; clear:both; position:relative; overflow-y:hidden;\">\n<div class=\"conteudo_post\" style=\"box-sizing:inherit; margin:0px; padding:0px; border:0px; font-style:inherit; font-variant:inherit; font-weight:inherit; font-stretch:inherit; line-height:inherit; font-family:inherit; font-size:14.08px; vertical-align:baseline;\">\n<p style=\"box-sizing: inherit; margin: 0px 0px 20px; line-height: inherit; padding: 0px; border: 0px; font-style: inherit; font-variant: inherit; font-weight: inherit; font-stretch: inherit; font-family: inherit; font-size: 14.08px; vertical-align: baseline;\">Os postos poder\u00e3o realizar a emiss\u00e3o da carteira de trabalho prioritariamente para casos excepcionais. Por exemplo, cidad\u00e3os que ser\u00e3o contratados por empresas que ainda n\u00e3o aderiram ao Sistema de Escritura\u00e7\u00e3o Digital das Obriga\u00e7\u00f5es Fiscais, Previdenci\u00e1rias e Trabalhista (eSocial), por organiza\u00e7\u00f5es n\u00e3o-governamentais (ONGs) e por entes da administra\u00e7\u00e3o estadual e municipal.<\/p>\n<p style=\"box-sizing: inherit; margin: 0px 0px 20px; line-height: inherit; padding: 0px; border: 0px; font-style: inherit; font-variant: inherit; font-weight: inherit; font-stretch: inherit; font-family: inherit; font-size: 14.08px; vertical-align: baseline;\">Para atender \u00e0 demanda por novas carteiras de trabalho, os \u00f3rg\u00e3os orientam o uso da CTPS Digital. A mudan\u00e7a est\u00e1 regulamenada pela Portaria Federal n\u00ba 1.065\/2019. A CTPS Digital pode ser acessada via aplicativo, dispon\u00edvel nos sistemas Android e iOS, ou atrav\u00e9s do SAC Digital.<\/p>\n<p style=\"box-sizing: inherit; margin: 0px 0px 20px; line-height: inherit; padding: 0px; border: 0px; font-style: inherit; font-variant: inherit; font-weight: inherit; font-stretch: inherit; font-family: inherit; font-size: 14.08px; vertical-align: baseline;\">Os usu\u00e1rios podem ter acesso \u00e0 CTPS Digital na plataforma de servi\u00e7os do estado, onde ser\u00e3o direcionados para o site do Minist\u00e9rio da Economia para que criem um cadastro com seus dados pessoais, sobre vida laboral e previdenci\u00e1ria. Caso o usu\u00e1rio j\u00e1 tenha conta de acesso \u00fanico, a consulta \u00e0 CTPS Digital poder\u00e1 ser feita mediante n\u00famero de CPF e senha.<\/p>\n<p style=\"box-sizing: inherit; margin: 0px 0px 20px; line-height: inherit; padding: 0px; border: 0px; font-style: inherit; font-variant: inherit; font-weight: inherit; font-stretch: inherit; font-family: inherit; font-size: 14.08px; vertical-align: baseline;\">Quem possui a carteira de trabalho f\u00edsica pode guardar o documento, que continua sendo uma forma de comprovar o tempo de servi\u00e7o em empresas e contratos anteriores. No entanto, o documento n\u00e3o tem mais validade como identifica\u00e7\u00e3o civil.<\/p>\n<p>* Bahia.ba<\/p><\/div>\n<\/div>\n<\/div>\n<\/div>\n<\/div>\n<\/div>\n<\/div>\n","protected":false},"excerpt":{"rendered":"<p>Apenas dois dos 13 postos continuar\u00e3o emitindo o documento, ap\u00f3s determina\u00e7\u00e3o do governo federal Onze dos 13 postos da capital deixar\u00e3o de emitir a carteira de trabalho. A nova regra \u00e9 v\u00e1lida a partir de 3 de mar\u00e7o, conforme determina\u00e7\u00e3o do governo federal. Continuar\u00e3o oferecendo o servi\u00e7o os postos dos shopping Bela Vista e Barra, [&hellip;]<\/p>\n","protected":false},"author":1,"featured_media":90155,"comment_status":"closed","ping_status":"closed","sticky":false,"template":"","format":"standard","meta":[],"categories":[4,212],"tags":[],"_links":{"self":[{"href":"http:\/\/blitzconquista.com.br\/index.php?rest_route=\/wp\/v2\/posts\/90156"}],"collection":[{"href":"http:\/\/blitzconquista.com.br\/index.php?rest_route=\/wp\/v2\/posts"}],"about":[{"href":"http:\/\/blitzconquista.com.br\/index.php?rest_route=\/wp\/v2\/types\/post"}],"author":[{"embeddable":true,"href":"http:\/\/blitzconquista.com.br\/index.php?rest_route=\/wp\/v2\/users\/1"}],"replies":[{"embeddable":true,"href":"http:\/\/blitzconquista.com.br\/index.php?rest_route=%2Fwp%2Fv2%2Fcomments&post=90156"}],"version-history":[{"count":1,"href":"http:\/\/blitzconquista.com.br\/index.php?rest_route=\/wp\/v2\/posts\/90156\/revisions"}],"predecessor-version":[{"id":90157,"href":"http:\/\/blitzconquista.com.br\/index.php?rest_route=\/wp\/v2\/posts\/90156\/revisions\/90157"}],"wp:featuredmedia":[{"embeddable":true,"href":"http:\/\/blitzconquista.com.br\/index.php?rest_route=\/wp\/v2\/media\/90155"}],"wp:attachment":[{"href":"http:\/\/blitzconquista.com.br\/index.php?rest_route=%2Fwp%2Fv2%2Fmedia&parent=90156"}],"wp:term":[{"taxonomy":"category","embeddable":true,"href":"http:\/\/blitzconquista.com.br\/index.php?rest_route=%2Fwp%2Fv2%2Fcategories&post=90156"},{"taxonomy":"post_tag","embeddable":true,"href":"http:\/\/blitzconquista.com.br\/index.php?rest_route=%2Fwp%2Fv2%2Ftags&post=90156"}],"curies":[{"name":"wp","href":"https:\/\/api.w.org\/{rel}","templated":true}]}}