{"id":90163,"date":"2020-02-26T17:25:21","date_gmt":"2020-02-26T20:25:21","guid":{"rendered":"http:\/\/blitzconquista.com.br\/?p=90163"},"modified":"2020-02-26T17:27:14","modified_gmt":"2020-02-26T20:27:14","slug":"carnaval-conquista-cultural-e-advertido-e-multado-por-nao-cumprir-totalmente-requisitos-de-seguranca-diz-bombeiros","status":"publish","type":"post","link":"http:\/\/blitzconquista.com.br\/?p=90163","title":{"rendered":"\u2018Carnaval Conquista Cultural\u2019 \u00e9 advertido e multado por n\u00e3o cumprir totalmente requisitos de seguran\u00e7a, diz Bombeiros"},"content":{"rendered":"<p style=\"box-sizing: border-box; margin: 0px 0px 10px; font-size: 16px; color: rgb(36, 36, 36); font-family: \" open sans=\"sans\" helvetica=\"helvetica\" neue=\"neue\" arial=\"arial\" sans-serif=\"sans-serif\" _=\"text-decoration-color:_\" normal=\"normal\" _400=\"_400\" _2=\"_2\" start=\"start\" _0px=\"_0px\" none=\"none\" rgb255=\"rgb255\" _255=\"_255\" initial=\"initial\"><img decoding=\"async\" loading=\"lazy\" class=\"wp-image-90161 alignnone size-full\" src=\"http:\/\/blitzconquista.com.br\/wp-content\/uploads\/2020\/02\/0_img_20200226_172424416325181654463604.jpg\" width=\"1352\" height=\"932\" srcset=\"http:\/\/blitzconquista.com.br\/wp-content\/uploads\/2020\/02\/0_img_20200226_172424416325181654463604.jpg 1352w, http:\/\/blitzconquista.com.br\/wp-content\/uploads\/2020\/02\/0_img_20200226_172424416325181654463604-300x207.jpg 300w, http:\/\/blitzconquista.com.br\/wp-content\/uploads\/2020\/02\/0_img_20200226_172424416325181654463604-695x479.jpg 695w, http:\/\/blitzconquista.com.br\/wp-content\/uploads\/2020\/02\/0_img_20200226_172424416325181654463604-768x529.jpg 768w, http:\/\/blitzconquista.com.br\/wp-content\/uploads\/2020\/02\/0_img_20200226_172424416325181654463604-990x682.jpg 990w, http:\/\/blitzconquista.com.br\/wp-content\/uploads\/2020\/02\/0_img_20200226_172424416325181654463604-1320x910.jpg 1320w\" sizes=\"(max-width: 1352px) 100vw, 1352px\" \/><\/p>\n<p>Em nota encaminhada \u00e0 imprensa de Vit\u00f3ria da Conquista o 7\u00b0Grupamento de Bombeiros Militar afirmou que ap\u00f3s a vistoria realizada no s\u00e1bado (22), \u201cverificou que os respons\u00e1veis pelo Carnaval Conquista Cultural n\u00e3o cumpriu totalmente os requisitos de seguran\u00e7a previstos no projeto e na legisla\u00e7\u00e3o de seguran\u00e7a contra inc\u00eandio e foram notificados\u201d.<\/p>\n<p style=\"box-sizing: border-box; margin: 0px 0px 10px; font-size: 16px; color: rgb(36, 36, 36); font-family: \" open sans=\"sans\" helvetica=\"helvetica\" neue=\"neue\" arial=\"arial\" sans-serif=\"sans-serif\" _=\"text-decoration-color:_\" normal=\"normal\" _400=\"_400\" _2=\"_2\" start=\"start\" _0px=\"_0px\" none=\"none\" rgb255=\"rgb255\" _255=\"_255\" initial=\"initial\">O evento foi realizando sem o Auto de Vistoria do Corpo de Bombeiros (A. V. C. B.). Ainda de acordo com o o 7\u00b0Grupamento, as medidas que faltaram ser compridas n\u00e3o representam risco grave e por isso n\u00e3o coube interdi\u00e7\u00e3o, \u201csomente advert\u00eancia e posteriormente multa, conforme a Instru\u00e7\u00e3o T\u00e9cnica 02 (I.T 02)* do Corpo de Bombeiros Militar da Bahia\u201d<\/p>\n<p style=\"box-sizing: border-box; margin: 0px 0px 10px; font-size: 16px; color: rgb(36, 36, 36); font-family: \" open sans=\"sans\" helvetica=\"helvetica\" neue=\"neue\" arial=\"arial\" sans-serif=\"sans-serif\" _=\"text-decoration-color:_\" normal=\"normal\" _400=\"_400\" _2=\"_2\" start=\"start\" _0px=\"_0px\" none=\"none\" rgb255=\"rgb255\" _255=\"_255\" initial=\"initial\">No s\u00e1bado os organizadores do evento receberam uma advert\u00eancia e no domingo foram multados, pois n\u00e3o corrigiram os itens pendentes. \u201cA decis\u00e3o de realizar ou n\u00e3o o evento sem o AVCB foi da organiza\u00e7\u00e3o\u201d, disse a nota enviada pelo Corpo de Bombeiros.<\/p>\n<p style=\"box-sizing: border-box; margin: 0px 0px 10px; font-size: 16px; color: rgb(36, 36, 36); font-family: \" open sans=\"sans\" helvetica=\"helvetica\" neue=\"neue\" arial=\"arial\" sans-serif=\"sans-serif\" _=\"text-decoration-color:_\" normal=\"normal\" _400=\"_400\" _2=\"_2\" start=\"start\" _0px=\"_0px\" none=\"none\" rgb255=\"rgb255\" _255=\"_255\" initial=\"initial\">Caso no terceiro dia de evento as pend\u00eancias n\u00e3o tivessem sido resolvidas, configuraria descumprimento reiterado da norma.<\/p>\n<p style=\"box-sizing: border-box; margin: 0px 0px 10px; font-size: 16px; color: rgb(36, 36, 36); font-family: \" open sans=\"sans\" helvetica=\"helvetica\" neue=\"neue\" arial=\"arial\" sans-serif=\"sans-serif\" _=\"text-decoration-color:_\" normal=\"normal\" _400=\"_400\" _2=\"_2\" start=\"start\" _0px=\"_0px\" none=\"none\" rgb255=\"rgb255\" _255=\"_255\" initial=\"initial\">As informa\u00e7\u00f5es prestadas pelo Corpo de Bombeiros contraria<span> <\/span>o que foi dito pela SECOM da Prefeitura de Conquista,<span> <\/span>que afirmou que \u201cde acordo com os respons\u00e1veis pela montagem do palco, o Corpo de Bombeiros esteve hoje (na sexta, 21) no local para fiscalizar a obra <strong style=\"box-sizing: border-box; font-weight: bold;\">e n\u00e3o encontrou nenhuma irregularidade<\/strong>\u201c<\/p>\n<p style=\"box-sizing: border-box; margin: 0px 0px 10px; font-size: 16px; color: rgb(36, 36, 36); font-family: \" open sans=\"sans\" helvetica=\"helvetica\" neue=\"neue\" arial=\"arial\" sans-serif=\"sans-serif\" _=\"text-decoration-color:_\" normal=\"normal\" _400=\"_400\" _2=\"_2\" start=\"start\" _0px=\"_0px\" none=\"none\" rgb255=\"rgb255\" _255=\"_255\" initial=\"initial\">Ainda de acordo com Dillan JR, organizador do \u2018Carnaval Conquista Cultural\u2019, todas as normas de seguran\u00e7a foram respeitadas.<\/p>\n<p style=\"box-sizing: border-box; margin: 0px 0px 10px; font-size: 16px; color: rgb(36, 36, 36); font-family: \" open sans=\"sans\" helvetica=\"helvetica\" neue=\"neue\" arial=\"arial\" sans-serif=\"sans-serif\" _=\"text-decoration-color:_\" normal=\"normal\" _400=\"_400\" _2=\"_2\" start=\"start\" _0px=\"_0px\" none=\"none\" rgb255=\"rgb255\" _255=\"_255\" initial=\"initial\"><strong style=\"box-sizing: border-box; font-weight: bold;\"><em style=\"box-sizing: border-box;\">*Trecho da Instru\u00e7\u00e3o T\u00e9cnica 02\/2016 do Corpo de Bombeiros Militar da Bahia<\/em><\/strong><\/p>\n<p style=\"box-sizing: border-box; margin: 0px 0px 10px; font-size: 16px; color: rgb(36, 36, 36); font-family: \" open sans=\"sans\" helvetica=\"helvetica\" neue=\"neue\" arial=\"arial\" sans-serif=\"sans-serif\" _=\"text-decoration-color:_\" normal=\"normal\" _400=\"_400\" _2=\"_2\" start=\"start\" _0px=\"_0px\" none=\"none\" rgb255=\"rgb255\" _255=\"_255\" initial=\"initial\"><em style=\"box-sizing: border-box;\">8.4.2 O grave risco \u00e9 caracterizado por qualquer uma das seguintes situa\u00e7\u00f5es:<\/em><br \/>\n<em style=\"box-sizing: border-box;\">I \u2013 possibilidade iminente de explos\u00e3o, inc\u00eandio ou dano ambiental grave;<\/em><br \/>\n<em style=\"box-sizing: border-box;\">II \u2013 possibilidade iminente de colapso estrutural;<\/em><br \/>\n<em style=\"box-sizing: border-box;\">III \u2013 lota\u00e7\u00e3o de p\u00fablico acima da capacidade m\u00e1xima permitida;<\/em><br \/>\n<em style=\"box-sizing: border-box;\">IV \u2013 condi\u00e7\u00e3o que gere inseguran\u00e7a com risco iminente \u00e0 vida; ou<\/em><br \/>\n<em style=\"box-sizing: border-box;\">V \u2013 perman\u00eancia no descumprimento das exig\u00eancias relacionadas \u00e0s defici\u00eancias em<\/em><br \/>\n<em style=\"box-sizing: border-box;\">sistemas e medidas de seguran\u00e7a contra inc\u00eandio e p\u00e2nico, proporcionais ao risco do im\u00f3vel, j\u00e1 previstas em notifica\u00e7\u00e3o e autos de infra\u00e7\u00e3o de advert\u00eancia e multa anteriores, n\u00e3o sanadas no curso do PAI, afetando de forma relevante a incolumidade das pessoas.<\/em><\/p>\n<p>*Blog do Ca\u00edque Santos<\/p>\n","protected":false},"excerpt":{"rendered":"<p>Em nota encaminhada \u00e0 imprensa de Vit\u00f3ria da Conquista o 7\u00b0Grupamento de Bombeiros Militar afirmou que ap\u00f3s a vistoria realizada no s\u00e1bado (22), \u201cverificou que os respons\u00e1veis pelo Carnaval Conquista Cultural n\u00e3o cumpriu totalmente os requisitos de seguran\u00e7a previstos no projeto e na legisla\u00e7\u00e3o de seguran\u00e7a contra inc\u00eandio e foram notificados\u201d. O evento foi realizando [&hellip;]<\/p>\n","protected":false},"author":1,"featured_media":90162,"comment_status":"closed","ping_status":"closed","sticky":false,"template":"","format":"standard","meta":[],"categories":[4,212],"tags":[],"_links":{"self":[{"href":"http:\/\/blitzconquista.com.br\/index.php?rest_route=\/wp\/v2\/posts\/90163"}],"collection":[{"href":"http:\/\/blitzconquista.com.br\/index.php?rest_route=\/wp\/v2\/posts"}],"about":[{"href":"http:\/\/blitzconquista.com.br\/index.php?rest_route=\/wp\/v2\/types\/post"}],"author":[{"embeddable":true,"href":"http:\/\/blitzconquista.com.br\/index.php?rest_route=\/wp\/v2\/users\/1"}],"replies":[{"embeddable":true,"href":"http:\/\/blitzconquista.com.br\/index.php?rest_route=%2Fwp%2Fv2%2Fcomments&post=90163"}],"version-history":[{"count":2,"href":"http:\/\/blitzconquista.com.br\/index.php?rest_route=\/wp\/v2\/posts\/90163\/revisions"}],"predecessor-version":[{"id":90165,"href":"http:\/\/blitzconquista.com.br\/index.php?rest_route=\/wp\/v2\/posts\/90163\/revisions\/90165"}],"wp:featuredmedia":[{"embeddable":true,"href":"http:\/\/blitzconquista.com.br\/index.php?rest_route=\/wp\/v2\/media\/90162"}],"wp:attachment":[{"href":"http:\/\/blitzconquista.com.br\/index.php?rest_route=%2Fwp%2Fv2%2Fmedia&parent=90163"}],"wp:term":[{"taxonomy":"category","embeddable":true,"href":"http:\/\/blitzconquista.com.br\/index.php?rest_route=%2Fwp%2Fv2%2Fcategories&post=90163"},{"taxonomy":"post_tag","embeddable":true,"href":"http:\/\/blitzconquista.com.br\/index.php?rest_route=%2Fwp%2Fv2%2Ftags&post=90163"}],"curies":[{"name":"wp","href":"https:\/\/api.w.org\/{rel}","templated":true}]}}