{"id":101982,"date":"2021-05-11T16:39:29","date_gmt":"2021-05-11T19:39:29","guid":{"rendered":"http:\/\/blitzconquista.com.br\/?p=101982"},"modified":"2021-05-11T16:39:29","modified_gmt":"2021-05-11T19:39:29","slug":"segunda-dose-da-coronavac-e-aplicada-apenas-em-moradores-de-vitoria-da-conquista","status":"publish","type":"post","link":"https:\/\/blitzconquista.com.br\/?p=101982","title":{"rendered":"Segunda dose da CoronaVac \u00e9 aplicada apenas em moradores de Vit\u00f3ria da Conquista"},"content":{"rendered":"<p><img decoding=\"async\" loading=\"lazy\" class=\"aligncenter size-full wp-image-101984\" src=\"http:\/\/blitzconquista.com.br\/wp-content\/uploads\/2021\/05\/2-dose-CoronaVac.jpg\" alt=\"\" width=\"680\" height=\"452\" srcset=\"https:\/\/blitzconquista.com.br\/wp-content\/uploads\/2021\/05\/2-dose-CoronaVac.jpg 680w, https:\/\/blitzconquista.com.br\/wp-content\/uploads\/2021\/05\/2-dose-CoronaVac-300x200.jpg 300w, https:\/\/blitzconquista.com.br\/wp-content\/uploads\/2021\/05\/2-dose-CoronaVac-414x276.jpg 414w, https:\/\/blitzconquista.com.br\/wp-content\/uploads\/2021\/05\/2-dose-CoronaVac-470x313.jpg 470w, https:\/\/blitzconquista.com.br\/wp-content\/uploads\/2021\/05\/2-dose-CoronaVac-640x426.jpg 640w, https:\/\/blitzconquista.com.br\/wp-content\/uploads\/2021\/05\/2-dose-CoronaVac-130x86.jpg 130w, https:\/\/blitzconquista.com.br\/wp-content\/uploads\/2021\/05\/2-dose-CoronaVac-187x124.jpg 187w\" sizes=\"(max-width: 680px) 100vw, 680px\" \/><\/p>\n<p>A Secretaria Municipal de Sa\u00fade (SMS) recebeu, ontem (10), apenas 2.508 doses da vacina CoronaVac, enviadas pela Secretaria de Sa\u00fade do Estado da Bahia (Sesab).<\/p>\n<p>Por ser um quantitativo de doses pequeno, a SMS informa que apenas os moradores de Vit\u00f3ria da Conquista est\u00e3o sendo imunizados. Pessoas de outras localidades devem ser vacinadas em seus munic\u00edpios.<\/p>\n<p>A vacina CoronaVac em estoque est\u00e1 sendo usada na aplica\u00e7\u00e3o da segunda dose para pessoas com data de vacina\u00e7\u00e3o marcada para os dias 22 a 28 de abril.<\/p>\n","protected":false},"excerpt":{"rendered":"<p>A Secretaria Municipal de Sa\u00fade (SMS) recebeu, ontem (10), apenas 2.508 doses da vacina CoronaVac, enviadas pela Secretaria de Sa\u00fade do Estado da Bahia (Sesab). Por ser um quantitativo de doses pequeno, a SMS informa que apenas os moradores de Vit\u00f3ria da Conquista est\u00e3o sendo imunizados. Pessoas de outras localidades devem ser vacinadas em seus [&hellip;]<\/p>\n","protected":false},"author":1,"featured_media":101984,"comment_status":"closed","ping_status":"closed","sticky":false,"template":"","format":"standard","meta":[],"categories":[30],"tags":[],"_links":{"self":[{"href":"https:\/\/blitzconquista.com.br\/index.php?rest_route=\/wp\/v2\/posts\/101982"}],"collection":[{"href":"https:\/\/blitzconquista.com.br\/index.php?rest_route=\/wp\/v2\/posts"}],"about":[{"href":"https:\/\/blitzconquista.com.br\/index.php?rest_route=\/wp\/v2\/types\/post"}],"author":[{"embeddable":true,"href":"https:\/\/blitzconquista.com.br\/index.php?rest_route=\/wp\/v2\/users\/1"}],"replies":[{"embeddable":true,"href":"https:\/\/blitzconquista.com.br\/index.php?rest_route=%2Fwp%2Fv2%2Fcomments&post=101982"}],"version-history":[{"count":1,"href":"https:\/\/blitzconquista.com.br\/index.php?rest_route=\/wp\/v2\/posts\/101982\/revisions"}],"predecessor-version":[{"id":101985,"href":"https:\/\/blitzconquista.com.br\/index.php?rest_route=\/wp\/v2\/posts\/101982\/revisions\/101985"}],"wp:featuredmedia":[{"embeddable":true,"href":"https:\/\/blitzconquista.com.br\/index.php?rest_route=\/wp\/v2\/media\/101984"}],"wp:attachment":[{"href":"https:\/\/blitzconquista.com.br\/index.php?rest_route=%2Fwp%2Fv2%2Fmedia&parent=101982"}],"wp:term":[{"taxonomy":"category","embeddable":true,"href":"https:\/\/blitzconquista.com.br\/index.php?rest_route=%2Fwp%2Fv2%2Fcategories&post=101982"},{"taxonomy":"post_tag","embeddable":true,"href":"https:\/\/blitzconquista.com.br\/index.php?rest_route=%2Fwp%2Fv2%2Ftags&post=101982"}],"curies":[{"name":"wp","href":"https:\/\/api.w.org\/{rel}","templated":true}]}}