{"id":102013,"date":"2021-05-13T01:10:31","date_gmt":"2021-05-13T04:10:31","guid":{"rendered":"http:\/\/blitzconquista.com.br\/?p=102013"},"modified":"2021-05-13T01:23:01","modified_gmt":"2021-05-13T04:23:01","slug":"aviso-aos-navegantes","status":"publish","type":"post","link":"https:\/\/blitzconquista.com.br\/?p=102013","title":{"rendered":"Aviso aos navegantes!\u00a0"},"content":{"rendered":"<h3 style=\"text-align: center;\"><span data-contrast=\"auto\">Pol\u00edtica \u00e9 semelhante a nuvem: \u201cvoc\u00ea olha est\u00e1 de um jeito, a\u00ed voc\u00ea olha de novo e j\u00e1 mudou tudo.\u201d Frase costumeira de <\/span><span data-contrast=\"auto\">Deusdete<\/span><span data-contrast=\"auto\">\u00a0Dias, quando fala de pol\u00edtica no programa Reda\u00e7\u00e3o Brasil, que vai ao ar todos os dias, de segunda a sexta, \u00e0s 7h00, pela R\u00e1dio Brasil FM.<\/span><span data-ccp-props=\"{&quot;201341983&quot;:0,&quot;335559739&quot;:160,&quot;335559740&quot;:259}\">\u00a0<\/span><\/h3>\n<p><img decoding=\"async\" loading=\"lazy\" class=\"wp-image-102018 alignleft\" src=\"http:\/\/blitzconquista.com.br\/wp-content\/uploads\/2021\/05\/Logo-Blitz-Balao-Vermelho-B-Ponto.jpg\" alt=\"\" width=\"261\" height=\"261\" srcset=\"https:\/\/blitzconquista.com.br\/wp-content\/uploads\/2021\/05\/Logo-Blitz-Balao-Vermelho-B-Ponto.jpg 225w, https:\/\/blitzconquista.com.br\/wp-content\/uploads\/2021\/05\/Logo-Blitz-Balao-Vermelho-B-Ponto-150x150.jpg 150w, https:\/\/blitzconquista.com.br\/wp-content\/uploads\/2021\/05\/Logo-Blitz-Balao-Vermelho-B-Ponto-65x65.jpg 65w\" sizes=\"(max-width: 261px) 100vw, 261px\" \/><\/p>\n<p>&nbsp;<\/p>\n<p>&nbsp;<\/p>\n<p><span data-contrast=\"auto\">Fazer pol\u00edtica \u201colhando para as nuvens\u201d \u201c\u00e9 o que n\u00e3o pode ser\u201d.<\/span><span data-ccp-props=\"{&quot;201341983&quot;:0,&quot;335559739&quot;:160,&quot;335559740&quot;:259}\">\u00a0<\/span><\/p>\n<p><span data-contrast=\"auto\">Porque \u201cnavegar \u00e9 preciso\u201d, os povos antigos usavam as constela\u00e7\u00f5es e outros fen\u00f4menos astron\u00f4micos para orienta\u00e7\u00e3o em longas viagens, pois n\u00e3o\u00a0<\/span><span data-contrast=\"auto\">possu\u00edam<\/span><span data-contrast=\"auto\">\u00a0instrumentos tecnol\u00f3gicos como os atuais.<\/span><span data-ccp-props=\"{&quot;201341983&quot;:0,&quot;335559739&quot;:160,&quot;335559740&quot;:259}\">\u00a0<\/span><\/p>\n<p><span data-contrast=\"auto\">J\u00e1 na pol\u00edtica, alguns fazem das \u201cnuvens\u201d que, carregadas pelos ventos, <\/span><span data-contrast=\"auto\">mudam o tempo todo, suas refer\u00eancias de orienta\u00e7\u00e3o. E a compara\u00e7\u00e3o com a astronomia (ci\u00eancia) se justifica porque, para a maioria dos pol\u00edticos,\u00a0 o \u201cm\u00e9todo\u201d (toma l\u00e1 d\u00e1 c\u00e1!) tem demonstrado resultados. Explico: \u201cnuvens\u201d pode significar para este texto tend\u00eancias, acordos, dividendos pol\u00edticos, n\u00e3o significando, necessariamente, algo ilegal. Mas, quase sempre tem objetivo de promo\u00e7\u00e3o pessoal, privil\u00e9gios, do uso de algum bem, fun\u00e7\u00e3o ou cargo p\u00fablico como trampolim pol\u00edtico.<\/span><span data-ccp-props=\"{&quot;201341983&quot;:0,&quot;335551550&quot;:1,&quot;335551620&quot;:1,&quot;335559739&quot;:160,&quot;335559740&quot;:259}\">\u00a0<\/span><\/p>\n<p><span data-contrast=\"auto\">Ent\u00e3o, quando se sabe de mudan\u00e7as pol\u00edticas extremas como algumas ocorridas na pol\u00edtica da capital do Sudoeste da Bahia, fique atento. \u201c&#8230;<\/span><b><i><span data-contrast=\"auto\">Pode\u00a0<\/span><\/i><\/b><i><span data-contrast=\"auto\">ter alguma coisa errada que n\u00e3o est\u00e1 certa<\/span><\/i><span data-contrast=\"auto\">\u201d, como dizem certos comunicadores quando comentam fatos pitorescos da pol\u00edtica.<\/span><span data-ccp-props=\"{&quot;201341983&quot;:0,&quot;335551550&quot;:1,&quot;335551620&quot;:1,&quot;335559739&quot;:160,&quot;335559740&quot;:259}\">\u00a0<\/span><\/p>\n<p><span data-contrast=\"auto\">Assistimos \u00e0 cria\u00e7\u00e3o de uma \u201cterceira bancada\u201d na C\u00e2mara de Vit\u00f3ria da Conquista, cujo argumento inspirador, traz a ideia de ser um grupo de vereadores defensores da cidade. Exclusivismo? Talvez! Muitos da situa\u00e7\u00e3o n\u00e3o gostaram, e tamb\u00e9m da oposi\u00e7\u00e3o. Para piorar a complexidade da \u201cnuvem\u201d que se montou nos c\u00e9us da pol\u00edtica conquistense, a Prefeita Ana Sheila deu uma \u201ctacada de mestre\u201d (teoricamente) chamando Estrela (da nova constela\u00e7\u00e3o, digo, bancada) para compor a lideran\u00e7a do governo na C\u00e2mara.<\/span><span data-ccp-props=\"{&quot;201341983&quot;:0,&quot;335551550&quot;:1,&quot;335551620&quot;:1,&quot;335559739&quot;:160,&quot;335559740&quot;:259}\">\u00a0<\/span><\/p>\n<p><span data-contrast=\"auto\">Esse grupo que viria a ser a maioria na C\u00e2mara, passaria, ent\u00e3o, a ter o poder de decis\u00e3o nas vota\u00e7\u00f5es do legislativo. Mas, tudo isso ainda est\u00e1 sendo digerido por todas as partes, e ajustes decorrentes disso vir\u00e3o.<\/span><span data-ccp-props=\"{&quot;201341983&quot;:0,&quot;335551550&quot;:1,&quot;335551620&quot;:1,&quot;335559739&quot;:160,&quot;335559740&quot;:259}\">\u00a0<\/span><\/p>\n<p><span data-contrast=\"auto\">O grande problema \u00e9 que essa \u201ct\u00e9cnica\u201d, de observar as nuvens para agir na pol\u00edtica nunca fica totalmente transparente para o povo. Que s\u00f3 tende a pensar, usando o senso comum, que na pol\u00edtica \u201c\u00e9 assim mesmo\u201d.<\/span><span data-ccp-props=\"{&quot;201341983&quot;:0,&quot;335551550&quot;:1,&quot;335551620&quot;:1,&quot;335559739&quot;:160,&quot;335559740&quot;:259}\">\u00a0<\/span><\/p>\n<p><span data-contrast=\"auto\">Uma coisa \u00e9 certa: quem fica observando as nuvens, \u00e0s vezes v\u00ea o que n\u00e3o existe e isso custa caro. Pois pol\u00edtica n\u00e3o \u00e9 como uma ci\u00eancia em que se pressup\u00f5e exatid\u00e3o, cujos resultados s\u00e3o previstos. N\u00e3o h\u00e1 uma t\u00e9cnica espec\u00edfica de navega\u00e7\u00e3o na pol\u00edtica. \u00c0s vezes \u201co tiro\u00a0sai\u00a0pela culatra\u201d.<\/span><span data-ccp-props=\"{&quot;201341983&quot;:0,&quot;335551550&quot;:1,&quot;335551620&quot;:1,&quot;335559739&quot;:160,&quot;335559740&quot;:259}\">\u00a0<\/span><\/p>\n<p><span data-contrast=\"auto\">Outra certeza em pol\u00edtica \u00e9 que, mesmo para um bem-intencionado e possuidor de boa-f\u00e9, o dilema entre agir com o prop\u00f3sito\u00a0nobre de fazer o que \u00e9 melhor para o povo e articular-se para n\u00e3o ser engolido pelo sistema, atropelado pelos opositores ou ser alvo de \u201cfogo amigo\u201d, sempre surge. E \u00e9 nesse momento que o instinto de sobreviv\u00eancia faz a vis\u00e3o de muitos obscurecer-se.<\/span><span data-ccp-props=\"{&quot;201341983&quot;:0,&quot;335551550&quot;:1,&quot;335551620&quot;:1,&quot;335559739&quot;:160,&quot;335559740&quot;:259}\">\u00a0<\/span><\/p>\n<p><span data-contrast=\"auto\">Ent\u00e3o, sabe-se que todo cuidado \u00e9 pouco para n\u00e3o se perder na jornada.<\/span><span data-ccp-props=\"{&quot;201341983&quot;:0,&quot;335551550&quot;:1,&quot;335551620&quot;:1,&quot;335559739&quot;:160,&quot;335559740&quot;:259}\"><br \/>\n<\/span><\/p>\n","protected":false},"excerpt":{"rendered":"<p>Pol\u00edtica \u00e9 semelhante a nuvem: \u201cvoc\u00ea olha est\u00e1 de um jeito, a\u00ed voc\u00ea olha de novo e j\u00e1 mudou tudo.\u201d Frase costumeira de Deusdete\u00a0Dias, quando fala de pol\u00edtica no programa Reda\u00e7\u00e3o Brasil, que vai ao ar todos os dias, de segunda a sexta, \u00e0s 7h00, pela R\u00e1dio Brasil FM.\u00a0 &nbsp; &nbsp; Fazer pol\u00edtica \u201colhando para [&hellip;]<\/p>\n","protected":false},"author":1,"featured_media":102017,"comment_status":"closed","ping_status":"closed","sticky":false,"template":"","format":"standard","meta":[],"categories":[29,5],"tags":[],"_links":{"self":[{"href":"https:\/\/blitzconquista.com.br\/index.php?rest_route=\/wp\/v2\/posts\/102013"}],"collection":[{"href":"https:\/\/blitzconquista.com.br\/index.php?rest_route=\/wp\/v2\/posts"}],"about":[{"href":"https:\/\/blitzconquista.com.br\/index.php?rest_route=\/wp\/v2\/types\/post"}],"author":[{"embeddable":true,"href":"https:\/\/blitzconquista.com.br\/index.php?rest_route=\/wp\/v2\/users\/1"}],"replies":[{"embeddable":true,"href":"https:\/\/blitzconquista.com.br\/index.php?rest_route=%2Fwp%2Fv2%2Fcomments&post=102013"}],"version-history":[{"count":3,"href":"https:\/\/blitzconquista.com.br\/index.php?rest_route=\/wp\/v2\/posts\/102013\/revisions"}],"predecessor-version":[{"id":102022,"href":"https:\/\/blitzconquista.com.br\/index.php?rest_route=\/wp\/v2\/posts\/102013\/revisions\/102022"}],"wp:featuredmedia":[{"embeddable":true,"href":"https:\/\/blitzconquista.com.br\/index.php?rest_route=\/wp\/v2\/media\/102017"}],"wp:attachment":[{"href":"https:\/\/blitzconquista.com.br\/index.php?rest_route=%2Fwp%2Fv2%2Fmedia&parent=102013"}],"wp:term":[{"taxonomy":"category","embeddable":true,"href":"https:\/\/blitzconquista.com.br\/index.php?rest_route=%2Fwp%2Fv2%2Fcategories&post=102013"},{"taxonomy":"post_tag","embeddable":true,"href":"https:\/\/blitzconquista.com.br\/index.php?rest_route=%2Fwp%2Fv2%2Ftags&post=102013"}],"curies":[{"name":"wp","href":"https:\/\/api.w.org\/{rel}","templated":true}]}}