{"id":102154,"date":"2021-05-16T17:03:24","date_gmt":"2021-05-16T20:03:24","guid":{"rendered":"http:\/\/blitzconquista.com.br\/?p=102154"},"modified":"2021-05-16T17:04:12","modified_gmt":"2021-05-16T20:04:12","slug":"maio-baiano-voce-conhece-essa-fato-historico-e-porque-ele-e-importante","status":"publish","type":"post","link":"https:\/\/blitzconquista.com.br\/?p=102154","title":{"rendered":"Maio Baiano: Voc\u00ea conhece esse fato hist\u00f3rico e porque ele \u00e9 importante?"},"content":{"rendered":"<p><span data-contrast=\"auto\">O deputado Marcelino Galo publicou em sua conta do Instagram um v\u00eddeo relembrando o #MaioBaiano que na data de hoje (16) completa 20 anos.<\/span><span data-ccp-props=\"{&quot;201341983&quot;:0,&quot;335551550&quot;:1,&quot;335551620&quot;:1,&quot;335559739&quot;:160,&quot;335559740&quot;:259}\">\u00a0<\/span><\/p>\n<p><span data-contrast=\"auto\">A data \u00e9 hist\u00f3rica e porque foi o dia em que estudantes universit\u00e1rios e secundaristas, militantes pol\u00edticos, representantes sindicais e outros segmentos sociais\u00a0foram violentamente reprimidos ao realizarem uma manifesta\u00e7\u00e3o pac\u00edfica de protesto contra a\u00e7\u00f5es ilegais do ent\u00e3o senador,\u00a0<\/span><span data-contrast=\"auto\">Antonio<\/span><span data-contrast=\"auto\">\u00a0Carlos Magalh\u00e3es, dentro da \u00e1rea da Universidade Federal da Bahia no Vale do Canela, em Salvador.<\/span><span data-ccp-props=\"{&quot;201341983&quot;:0,&quot;335551550&quot;:1,&quot;335551620&quot;:1,&quot;335559739&quot;:160,&quot;335559740&quot;:259}\">\u00a0<\/span><\/p>\n<p><span data-contrast=\"auto\">Vejam o texto publicado por Marcelino Galo na<\/span><span data-contrast=\"auto\">\u00a0p\u00e1gina do Centro S\u00e9rgio Buarque de Holanda de Documenta\u00e7\u00e3o e Hist\u00f3ria Pol\u00edtica, da\u00a0<\/span><span data-contrast=\"auto\">Assembleia<\/span><span data-contrast=\"auto\">\u00a0Legislativa da Bahia (ALBA):\u00a0<\/span><span data-ccp-props=\"{&quot;201341983&quot;:0,&quot;335551550&quot;:1,&quot;335551620&quot;:1,&quot;335559739&quot;:160,&quot;335559740&quot;:259}\">\u00a0<\/span><\/p>\n<p><span data-ccp-props=\"{&quot;201341983&quot;:0,&quot;335559739&quot;:160,&quot;335559740&quot;:259}\">\u00a0<\/span><\/p>\n<h1 style=\"text-align: center;\" aria-level=\"3\"><span style=\"color: #0000ff;\">Maio Baiano <\/span><\/h1>\n<p><span style=\"color: #0000ff;\">Por Marcelino Galo\u00a0<\/span><\/p>\n<p><span style=\"color: #0000ff;\">Em maio de 2001, a rebeldia juvenil, estudantes, trabalhadores das diversas organiza\u00e7\u00f5es da esquerda baiana e partidos pol\u00edticos foram \u00e0s ruas de Salvador contra os desmandos do senador Ant\u00f4nio Carlos Magalh\u00e3es que, \u00e0 \u00e9poca na condi\u00e7\u00e3o de presidente do Senado, havia violado o sigilo do painel eletr\u00f4nico do Senado, revelando os votos dos senadores no processo de cassa\u00e7\u00e3o do tamb\u00e9m senador Luiz Estev\u00e3o.\u00a0<\/span><\/p>\n<p><span style=\"color: #0000ff;\">Convocada pelos movimentos estudantis, a primeira manifesta\u00e7\u00e3o ocorreu no dia 10 de maio. Os estudantes ocuparam todo o centro de Salvador e partiram em dire\u00e7\u00e3o ao bairro da Gra\u00e7a, onde residia o ent\u00e3o senador ACM. Na altura da Casa D&#8217;It\u00e1lia, a Pol\u00edcia Militar da Bahia reprimiu violentamente a passeata e impedindo que chegasse ao destino.\u00a0<\/span><\/p>\n<p><span style=\"color: #0000ff;\">O segundo ato, ainda maior, aconteceu em 16 de maio. A estrat\u00e9gia elaborada era seguir a passeata pelo interior do campus da UFBA, concentrando a manifesta\u00e7\u00e3o no Vale do Canela, na Faculdade de Direito, em raz\u00e3o da jurisdi\u00e7\u00e3o federal, acreditava-se que a pol\u00edcia baiana n\u00e3o entraria no espa\u00e7o, mas n\u00e3o foi o que ocorreu.\u00a0<\/span><\/p>\n<p><span style=\"color: #0000ff;\">Ao chegarem ao viaduto do Canela, os estudantes foram surpreendidos com a presen\u00e7a das for\u00e7as policiais que j\u00e1 se encontravam no entorno da Faculdade de Direito. A for\u00e7a policial era composta por centenas de homens da Pol\u00edcia Militar da Bahia, incluindo a Tropa de Choque e a cavalaria. Ap\u00f3s horas de espera por algum acordo, a Pol\u00edcia Militar ofereceu aos l\u00edderes do movimento a op\u00e7\u00e3o de contornarem o bloqueio e se dirigirem ao Vale do Canela, descendo o viaduto.\u00a0<\/span><\/p>\n<p><span style=\"color: #0000ff;\">Foi justamente a partir deste momento que veio a ordem do governo carlista no sentido de agir com viol\u00eancia e reprimir os estudantes. Atendendo \u00e0s determina\u00e7\u00f5es do presidente do Senado, o ent\u00e3o governador C\u00e9sar Borges, por interm\u00e9dio da Secret\u00e1ria de Seguran\u00e7a P\u00fablica da \u00e9poca, a delegada de pol\u00edcia K\u00e1tia Alves, foi utilizada a for\u00e7a policial e toda a viol\u00eancia contra os manifestantes incluindo al\u00e9m dos estudantes, professores e trabalhadores.\u00a0<\/span><\/p>\n<p><span style=\"color: #0000ff;\">A Pol\u00edcia Militar da Bahia, cumprindo determina\u00e7\u00e3o do governo carlista, invadiu as depend\u00eancias da Faculdade de Direito, da Faculdade de Administra\u00e7\u00e3o, da Faculdade de Educa\u00e7\u00e3o e de outras unidades da Universidade Federal da Bahia, agredindo todos os presentes com todo o aparato repressivo da pol\u00edcia baiana, incluindo bombas de g\u00e1s lacrimog\u00eaneo e balas de borracha.\u00a0<\/span><\/p>\n<p><span style=\"color: #0000ff;\">O confronto sangrento durou mais de uma hora, e tem-se conhecimento de que ao menos 50 pessoas sa\u00edram feridas, fazendo do espa\u00e7o do conhecimento e do desenvolvimento do saber, uma verdadeira pra\u00e7a de guerra.\u00a0<\/span><\/p>\n<p><span style=\"color: #0000ff;\">As imagens da repress\u00e3o extremamente violenta praticada pela Pol\u00edcia Militar da Bahia foram manchete em todos os ve\u00edculos de comunica\u00e7\u00e3o do pa\u00eds e provocaram uma terceira manifesta\u00e7\u00e3o ainda maior que as duas anteriores.\u00a0<\/span><\/p>\n<p><span style=\"color: #0000ff;\">Alguns dias depois, no dia 30 de maio de 2001, o senador Ant\u00f4nio Carlos Magalh\u00e3es ocupou a tribuna do Senado e anunciou a sua ren\u00fancia ao cargo, para evitar uma poss\u00edvel cassa\u00e7\u00e3o e a consequente perda de seus direitos pol\u00edticos.\u00a0<\/span><\/p>\n<p><span style=\"color: #0000ff;\">As manifesta\u00e7\u00f5es ficaram marcadas para sempre na hist\u00f3ria da Bahia a partir deste conjunto de atos conhecidos como \u201cMaio\u00a0Baiano\u201d. Justamente no sentido de refor\u00e7ar a ideia de que \u00e9 preciso lembrar destes epis\u00f3dios para que jamais esque\u00e7amos e para que nunca mais o despotismo possa reger as a\u00e7\u00f5es praticadas na Bahia, pois com tiranos n\u00e3o combinam brasileiros cora\u00e7\u00f5es.\u00a0<\/span><\/p>\n<p><span style=\"color: #0000ff;\">Assim, propomos um Projeto de Lei na Assembleia Legislativa da Bahia, que institui o dia 16 de maio como o Dia Estadual de Luta contra a Repress\u00e3o na Bahia, como uma forma de dar um sentido para essa data no calend\u00e1rio oficial do Estado. E a partir disso propormos a reflex\u00e3o sobre a nossa hist\u00f3ria e luta para que atos como esse nunca mais possa se repetir.\u00a0<\/span><\/p>\n<p><span style=\"color: #0000ff;\"><a style=\"color: #0000ff;\" href=\"https:\/\/fpabramo.org.br\/csbh\/wp-content\/uploads\/sites\/3\/2021\/05\/PL-Bahia-16-de-maio.pdf\">Conhe\u00e7a o Projeto de Lei do deputado Marcelino Galo sobre o 16 de Maio &#8211; Dia Estadual de Luta contra a Repress\u00e3o na Bahia<\/a>\u00a0<\/span><\/p>\n<p><span style=\"color: #0000ff;\"><b>Marcelino Galo<\/b>\u00a0\u00e9 deputado estadual (PT-BA), coordenador da Frente Parlamentar Ambientalista da Bahia, vice-presidente da Comiss\u00e3o de Meio Ambiente da Alba e presidente da Comiss\u00e3o de Constitui\u00e7\u00e3o e Justi\u00e7a da Alba.\u00a0<\/span><\/p>\n","protected":false},"excerpt":{"rendered":"<p>O deputado Marcelino Galo publicou em sua conta do Instagram um v\u00eddeo relembrando o #MaioBaiano que na data de hoje (16) completa 20 anos.\u00a0 A data \u00e9 hist\u00f3rica e porque foi o dia em que estudantes universit\u00e1rios e secundaristas, militantes pol\u00edticos, representantes sindicais e outros segmentos sociais\u00a0foram violentamente reprimidos ao realizarem uma manifesta\u00e7\u00e3o pac\u00edfica de [&hellip;]<\/p>\n","protected":false},"author":1,"featured_media":102149,"comment_status":"closed","ping_status":"closed","sticky":false,"template":"","format":"standard","meta":[],"categories":[5],"tags":[],"_links":{"self":[{"href":"https:\/\/blitzconquista.com.br\/index.php?rest_route=\/wp\/v2\/posts\/102154"}],"collection":[{"href":"https:\/\/blitzconquista.com.br\/index.php?rest_route=\/wp\/v2\/posts"}],"about":[{"href":"https:\/\/blitzconquista.com.br\/index.php?rest_route=\/wp\/v2\/types\/post"}],"author":[{"embeddable":true,"href":"https:\/\/blitzconquista.com.br\/index.php?rest_route=\/wp\/v2\/users\/1"}],"replies":[{"embeddable":true,"href":"https:\/\/blitzconquista.com.br\/index.php?rest_route=%2Fwp%2Fv2%2Fcomments&post=102154"}],"version-history":[{"count":2,"href":"https:\/\/blitzconquista.com.br\/index.php?rest_route=\/wp\/v2\/posts\/102154\/revisions"}],"predecessor-version":[{"id":102158,"href":"https:\/\/blitzconquista.com.br\/index.php?rest_route=\/wp\/v2\/posts\/102154\/revisions\/102158"}],"wp:featuredmedia":[{"embeddable":true,"href":"https:\/\/blitzconquista.com.br\/index.php?rest_route=\/wp\/v2\/media\/102149"}],"wp:attachment":[{"href":"https:\/\/blitzconquista.com.br\/index.php?rest_route=%2Fwp%2Fv2%2Fmedia&parent=102154"}],"wp:term":[{"taxonomy":"category","embeddable":true,"href":"https:\/\/blitzconquista.com.br\/index.php?rest_route=%2Fwp%2Fv2%2Fcategories&post=102154"},{"taxonomy":"post_tag","embeddable":true,"href":"https:\/\/blitzconquista.com.br\/index.php?rest_route=%2Fwp%2Fv2%2Ftags&post=102154"}],"curies":[{"name":"wp","href":"https:\/\/api.w.org\/{rel}","templated":true}]}}