{"id":102211,"date":"2021-05-17T10:15:12","date_gmt":"2021-05-17T13:15:12","guid":{"rendered":"http:\/\/blitzconquista.com.br\/?p=102211"},"modified":"2021-05-17T10:15:12","modified_gmt":"2021-05-17T13:15:12","slug":"rui-anuncia-suspensao-do-transporte-intermunicipal-no-sao-joao","status":"publish","type":"post","link":"https:\/\/blitzconquista.com.br\/?p=102211","title":{"rendered":"Rui anuncia suspens\u00e3o do transporte intermunicipal no S\u00e3o Jo\u00e3o"},"content":{"rendered":"<p>O transporte intermunicipal ser\u00e1 suspenso no per\u00edodo do S\u00e3o Jo\u00e3o para conter a dissemina\u00e7\u00e3o do coronav\u00edrus na Bahia. A medida foi anunciada nesta segunda-feira (17) pelo governador Rui Costa. Ele tamb\u00e9m criticou as aglomera\u00e7\u00f5es registradas no final de semana em Salvador.<\/p>\n<p>Ou\u00e7a o \u00e1udio com a fala do governador:<\/p>\n<!--[if lt IE 9]><script>document.createElement('audio');<\/script><![endif]-->\n<audio class=\"wp-audio-shortcode\" id=\"audio-102211-1\" preload=\"none\" style=\"width: 100%;\" controls=\"controls\"><source type=\"audio\/mpeg\" src=\"http:\/\/blitzconquista.com.br\/wp-content\/uploads\/2021\/05\/RUI_SUSPENSAO-TRANSPORTE_170521.mp3?_=1\" \/><a href=\"http:\/\/blitzconquista.com.br\/wp-content\/uploads\/2021\/05\/RUI_SUSPENSAO-TRANSPORTE_170521.mp3\">http:\/\/blitzconquista.com.br\/wp-content\/uploads\/2021\/05\/RUI_SUSPENSAO-TRANSPORTE_170521.mp3<\/a><\/audio>\n","protected":false},"excerpt":{"rendered":"<p>O transporte intermunicipal ser\u00e1 suspenso no per\u00edodo do S\u00e3o Jo\u00e3o para conter a dissemina\u00e7\u00e3o do coronav\u00edrus na Bahia. A medida foi anunciada nesta segunda-feira (17) pelo governador Rui Costa. Ele tamb\u00e9m criticou as aglomera\u00e7\u00f5es registradas no final de semana em Salvador. Ou\u00e7a o \u00e1udio com a fala do governador:<\/p>\n","protected":false},"author":1,"featured_media":94628,"comment_status":"closed","ping_status":"closed","sticky":false,"template":"","format":"standard","meta":[],"categories":[30],"tags":[],"_links":{"self":[{"href":"https:\/\/blitzconquista.com.br\/index.php?rest_route=\/wp\/v2\/posts\/102211"}],"collection":[{"href":"https:\/\/blitzconquista.com.br\/index.php?rest_route=\/wp\/v2\/posts"}],"about":[{"href":"https:\/\/blitzconquista.com.br\/index.php?rest_route=\/wp\/v2\/types\/post"}],"author":[{"embeddable":true,"href":"https:\/\/blitzconquista.com.br\/index.php?rest_route=\/wp\/v2\/users\/1"}],"replies":[{"embeddable":true,"href":"https:\/\/blitzconquista.com.br\/index.php?rest_route=%2Fwp%2Fv2%2Fcomments&post=102211"}],"version-history":[{"count":1,"href":"https:\/\/blitzconquista.com.br\/index.php?rest_route=\/wp\/v2\/posts\/102211\/revisions"}],"predecessor-version":[{"id":102215,"href":"https:\/\/blitzconquista.com.br\/index.php?rest_route=\/wp\/v2\/posts\/102211\/revisions\/102215"}],"wp:featuredmedia":[{"embeddable":true,"href":"https:\/\/blitzconquista.com.br\/index.php?rest_route=\/wp\/v2\/media\/94628"}],"wp:attachment":[{"href":"https:\/\/blitzconquista.com.br\/index.php?rest_route=%2Fwp%2Fv2%2Fmedia&parent=102211"}],"wp:term":[{"taxonomy":"category","embeddable":true,"href":"https:\/\/blitzconquista.com.br\/index.php?rest_route=%2Fwp%2Fv2%2Fcategories&post=102211"},{"taxonomy":"post_tag","embeddable":true,"href":"https:\/\/blitzconquista.com.br\/index.php?rest_route=%2Fwp%2Fv2%2Ftags&post=102211"}],"curies":[{"name":"wp","href":"https:\/\/api.w.org\/{rel}","templated":true}]}}