{"id":102248,"date":"2021-05-17T20:14:43","date_gmt":"2021-05-17T23:14:43","guid":{"rendered":"http:\/\/blitzconquista.com.br\/?p=102248"},"modified":"2021-05-17T20:14:43","modified_gmt":"2021-05-17T23:14:43","slug":"mesmo-vacinados-contra-o-coronavirus-idosos-devem-se-imunizar-contra-a-gripe","status":"publish","type":"post","link":"https:\/\/blitzconquista.com.br\/?p=102248","title":{"rendered":"Mesmo vacinados contra o coronav\u00edrus, idosos devem se imunizar contra a gripe"},"content":{"rendered":"<h3 style=\"text-align: center;\">O alerta \u00e9 do secretario estadual da Sa\u00fade , F\u00e1bio Vilas-Boas<\/h3>\n<p>O secret\u00e1rio estadual da sa\u00fade, F\u00e1bio Vilas-Boas, ressalta que estamos entrando no per\u00edodo da sazonalidade da gripe e dos resfriados e alerta para a import\u00e2ncia das pessoas se vacinarem contra tamb\u00e9m contra essas doen\u00e7as. Ele destaca que a vacina contra a covid-19 n\u00e3o protege contra a influenza e que os idosos de 60 anos ou mais devem ser imunizados contra esse v\u00edrus. Al\u00e9m disso, o gestor alerta que esse \u00e9 o momento em que come\u00e7am a ocorrer picos de dengue, zikav\u00edrus e chikungunya.<\/p>\n<!--[if lt IE 9]><script>document.createElement('audio');<\/script><![endif]-->\n<audio class=\"wp-audio-shortcode\" id=\"audio-102248-1\" preload=\"none\" style=\"width: 100%;\" controls=\"controls\"><source type=\"audio\/mpeg\" src=\"http:\/\/blitzconquista.com.br\/wp-content\/uploads\/2021\/05\/AUD-20210517-WA0010.mp3?_=1\" \/><a href=\"http:\/\/blitzconquista.com.br\/wp-content\/uploads\/2021\/05\/AUD-20210517-WA0010.mp3\">http:\/\/blitzconquista.com.br\/wp-content\/uploads\/2021\/05\/AUD-20210517-WA0010.mp3<\/a><\/audio>\n","protected":false},"excerpt":{"rendered":"<p>O alerta \u00e9 do secretario estadual da Sa\u00fade , F\u00e1bio Vilas-Boas O secret\u00e1rio estadual da sa\u00fade, F\u00e1bio Vilas-Boas, ressalta que estamos entrando no per\u00edodo da sazonalidade da gripe e dos resfriados e alerta para a import\u00e2ncia das pessoas se vacinarem contra tamb\u00e9m contra essas doen\u00e7as. Ele destaca que a vacina contra a covid-19 n\u00e3o protege [&hellip;]<\/p>\n","protected":false},"author":1,"featured_media":99461,"comment_status":"closed","ping_status":"closed","sticky":false,"template":"","format":"standard","meta":[],"categories":[30],"tags":[],"_links":{"self":[{"href":"https:\/\/blitzconquista.com.br\/index.php?rest_route=\/wp\/v2\/posts\/102248"}],"collection":[{"href":"https:\/\/blitzconquista.com.br\/index.php?rest_route=\/wp\/v2\/posts"}],"about":[{"href":"https:\/\/blitzconquista.com.br\/index.php?rest_route=\/wp\/v2\/types\/post"}],"author":[{"embeddable":true,"href":"https:\/\/blitzconquista.com.br\/index.php?rest_route=\/wp\/v2\/users\/1"}],"replies":[{"embeddable":true,"href":"https:\/\/blitzconquista.com.br\/index.php?rest_route=%2Fwp%2Fv2%2Fcomments&post=102248"}],"version-history":[{"count":1,"href":"https:\/\/blitzconquista.com.br\/index.php?rest_route=\/wp\/v2\/posts\/102248\/revisions"}],"predecessor-version":[{"id":102252,"href":"https:\/\/blitzconquista.com.br\/index.php?rest_route=\/wp\/v2\/posts\/102248\/revisions\/102252"}],"wp:featuredmedia":[{"embeddable":true,"href":"https:\/\/blitzconquista.com.br\/index.php?rest_route=\/wp\/v2\/media\/99461"}],"wp:attachment":[{"href":"https:\/\/blitzconquista.com.br\/index.php?rest_route=%2Fwp%2Fv2%2Fmedia&parent=102248"}],"wp:term":[{"taxonomy":"category","embeddable":true,"href":"https:\/\/blitzconquista.com.br\/index.php?rest_route=%2Fwp%2Fv2%2Fcategories&post=102248"},{"taxonomy":"post_tag","embeddable":true,"href":"https:\/\/blitzconquista.com.br\/index.php?rest_route=%2Fwp%2Fv2%2Ftags&post=102248"}],"curies":[{"name":"wp","href":"https:\/\/api.w.org\/{rel}","templated":true}]}}