{"id":102253,"date":"2021-05-18T08:10:21","date_gmt":"2021-05-18T11:10:21","guid":{"rendered":"http:\/\/blitzconquista.com.br\/?p=102253"},"modified":"2021-05-18T08:12:50","modified_gmt":"2021-05-18T11:12:50","slug":"secretario-define-aumento-de-procura-por-unidades-de-emergencia-como-cronica-do-desastre-anunciado","status":"publish","type":"post","link":"https:\/\/blitzconquista.com.br\/?p=102253","title":{"rendered":"Secret\u00e1rio define aumento de procura por unidades de emerg\u00eancia como \u201ccr\u00f4nica do desastre anunciado\u201d"},"content":{"rendered":"<p>O aumento do n\u00famero de pessoas que procuram por unidades de urg\u00eancia e emerg\u00eancia nos \u00faltimos dias foi definido como a \u201ccr\u00f4nica do desastre anunciado\u201d pelo secret\u00e1rio estadual da sa\u00fade, F\u00e1bio Vilas-Boas. Ele se referiu \u00e0s aglomera\u00e7\u00f5es causadas pelas comemora\u00e7\u00f5es no dia das m\u00e3es e destacou que existem evid\u00eancias de que vem se repetindo ap\u00f3s quinze dias de datas comemorativas. Vilas-Boas lembrou que teremos feriados prolongados e datas festivas nas pr\u00f3ximas semanas e alertou para a necessidade de reduzir as taxas de cont\u00e1gio.<\/p>\n<!--[if lt IE 9]><script>document.createElement('audio');<\/script><![endif]-->\n<audio class=\"wp-audio-shortcode\" id=\"audio-102253-1\" preload=\"none\" style=\"width: 100%;\" controls=\"controls\"><source type=\"audio\/mpeg\" src=\"http:\/\/blitzconquista.com.br\/wp-content\/uploads\/2021\/05\/SESAB_CRONICA_170521.mp3?_=1\" \/><a href=\"http:\/\/blitzconquista.com.br\/wp-content\/uploads\/2021\/05\/SESAB_CRONICA_170521.mp3\">http:\/\/blitzconquista.com.br\/wp-content\/uploads\/2021\/05\/SESAB_CRONICA_170521.mp3<\/a><\/audio>\n","protected":false},"excerpt":{"rendered":"<p>O aumento do n\u00famero de pessoas que procuram por unidades de urg\u00eancia e emerg\u00eancia nos \u00faltimos dias foi definido como a \u201ccr\u00f4nica do desastre anunciado\u201d pelo secret\u00e1rio estadual da sa\u00fade, F\u00e1bio Vilas-Boas. Ele se referiu \u00e0s aglomera\u00e7\u00f5es causadas pelas comemora\u00e7\u00f5es no dia das m\u00e3es e destacou que existem evid\u00eancias de que vem se repetindo ap\u00f3s [&hellip;]<\/p>\n","protected":false},"author":1,"featured_media":99461,"comment_status":"closed","ping_status":"closed","sticky":false,"template":"","format":"standard","meta":[],"categories":[30],"tags":[],"_links":{"self":[{"href":"https:\/\/blitzconquista.com.br\/index.php?rest_route=\/wp\/v2\/posts\/102253"}],"collection":[{"href":"https:\/\/blitzconquista.com.br\/index.php?rest_route=\/wp\/v2\/posts"}],"about":[{"href":"https:\/\/blitzconquista.com.br\/index.php?rest_route=\/wp\/v2\/types\/post"}],"author":[{"embeddable":true,"href":"https:\/\/blitzconquista.com.br\/index.php?rest_route=\/wp\/v2\/users\/1"}],"replies":[{"embeddable":true,"href":"https:\/\/blitzconquista.com.br\/index.php?rest_route=%2Fwp%2Fv2%2Fcomments&post=102253"}],"version-history":[{"count":1,"href":"https:\/\/blitzconquista.com.br\/index.php?rest_route=\/wp\/v2\/posts\/102253\/revisions"}],"predecessor-version":[{"id":102258,"href":"https:\/\/blitzconquista.com.br\/index.php?rest_route=\/wp\/v2\/posts\/102253\/revisions\/102258"}],"wp:featuredmedia":[{"embeddable":true,"href":"https:\/\/blitzconquista.com.br\/index.php?rest_route=\/wp\/v2\/media\/99461"}],"wp:attachment":[{"href":"https:\/\/blitzconquista.com.br\/index.php?rest_route=%2Fwp%2Fv2%2Fmedia&parent=102253"}],"wp:term":[{"taxonomy":"category","embeddable":true,"href":"https:\/\/blitzconquista.com.br\/index.php?rest_route=%2Fwp%2Fv2%2Fcategories&post=102253"},{"taxonomy":"post_tag","embeddable":true,"href":"https:\/\/blitzconquista.com.br\/index.php?rest_route=%2Fwp%2Fv2%2Ftags&post=102253"}],"curies":[{"name":"wp","href":"https:\/\/api.w.org\/{rel}","templated":true}]}}