{"id":102274,"date":"2021-05-18T08:38:02","date_gmt":"2021-05-18T11:38:02","guid":{"rendered":"http:\/\/blitzconquista.com.br\/?p=102274"},"modified":"2021-05-18T08:38:02","modified_gmt":"2021-05-18T11:38:02","slug":"em-dia-de-luta-antimanicomial-especialistas-do-caps-discutem-cuidado-psicossocial-na-pandemia","status":"publish","type":"post","link":"https:\/\/blitzconquista.com.br\/?p=102274","title":{"rendered":"Em Dia de Luta Antimanicomial, especialistas do Caps discutem cuidado psicossocial na pandemia"},"content":{"rendered":"<p><img decoding=\"async\" loading=\"lazy\" class=\"aligncenter size-full wp-image-102276\" src=\"http:\/\/blitzconquista.com.br\/wp-content\/uploads\/2021\/05\/Live-Caps.jpg\" alt=\"\" width=\"680\" height=\"680\" srcset=\"https:\/\/blitzconquista.com.br\/wp-content\/uploads\/2021\/05\/Live-Caps.jpg 680w, https:\/\/blitzconquista.com.br\/wp-content\/uploads\/2021\/05\/Live-Caps-300x300.jpg 300w, https:\/\/blitzconquista.com.br\/wp-content\/uploads\/2021\/05\/Live-Caps-653x653.jpg 653w, https:\/\/blitzconquista.com.br\/wp-content\/uploads\/2021\/05\/Live-Caps-150x150.jpg 150w, https:\/\/blitzconquista.com.br\/wp-content\/uploads\/2021\/05\/Live-Caps-65x65.jpg 65w\" sizes=\"(max-width: 680px) 100vw, 680px\" \/><\/p>\n<p>A luta pelo fim dos manic\u00f4mios e a promo\u00e7\u00e3o de um tratamento humanizado \u00e0s pessoas com sofrimento mental s\u00e3o celebradas no Brasil no dia 18 de maio. Desde ent\u00e3o, \u00e9 dos Centros de Aten\u00e7\u00e3o Psicossocial (Caps), \u00f3rg\u00e3os ligados \u00e0 Secretaria Municipal de Sa\u00fade, a responsabilidade pelo tratamento destes pacientes.<\/p>\n<p>Para promover a causa, a Coordena\u00e7\u00e3o Municipal de Sa\u00fade Mental realiza nesta ter\u00e7a-feira, no Caps II, uma programa\u00e7\u00e3o especial voltada aos usu\u00e1rios dos Centros e tamb\u00e9m aos visitantes. Das 9h \u00e0s 11h acontecem apresenta\u00e7\u00f5es culturais de poemas e m\u00fasicas, com a participa\u00e7\u00e3o de Andreia Cleoni e Pedro Flores.<\/p>\n<p>\u00c0s 17 horas, acontece o evento: \u201cLiberdade em existir, nunca desistir: as reinven\u00e7\u00f5es do cuidado psicossocial na pandemia\u201d, que reunir\u00e1 em uma live, tr\u00eas especialistas que discutir\u00e3o os desafios do tratamento aos usu\u00e1rios dos Caps em tempos de distanciamento e isolamento social causados pelo coronav\u00edrus. A conversa ser\u00e1 transmitida pelo canal da Prefeitura de Conquista no YouTube e ser\u00e1 aberta para todo o p\u00fablico.<\/p>\n<p>&nbsp;<\/p>\n<p>Fonte: Secom\u00a0 &#8211; PMVC<\/p>\n","protected":false},"excerpt":{"rendered":"<p>A luta pelo fim dos manic\u00f4mios e a promo\u00e7\u00e3o de um tratamento humanizado \u00e0s pessoas com sofrimento mental s\u00e3o celebradas no Brasil no dia 18 de maio. Desde ent\u00e3o, \u00e9 dos Centros de Aten\u00e7\u00e3o Psicossocial (Caps), \u00f3rg\u00e3os ligados \u00e0 Secretaria Municipal de Sa\u00fade, a responsabilidade pelo tratamento destes pacientes. Para promover a causa, a Coordena\u00e7\u00e3o [&hellip;]<\/p>\n","protected":false},"author":1,"featured_media":102276,"comment_status":"closed","ping_status":"closed","sticky":false,"template":"","format":"standard","meta":[],"categories":[212,30],"tags":[],"_links":{"self":[{"href":"https:\/\/blitzconquista.com.br\/index.php?rest_route=\/wp\/v2\/posts\/102274"}],"collection":[{"href":"https:\/\/blitzconquista.com.br\/index.php?rest_route=\/wp\/v2\/posts"}],"about":[{"href":"https:\/\/blitzconquista.com.br\/index.php?rest_route=\/wp\/v2\/types\/post"}],"author":[{"embeddable":true,"href":"https:\/\/blitzconquista.com.br\/index.php?rest_route=\/wp\/v2\/users\/1"}],"replies":[{"embeddable":true,"href":"https:\/\/blitzconquista.com.br\/index.php?rest_route=%2Fwp%2Fv2%2Fcomments&post=102274"}],"version-history":[{"count":1,"href":"https:\/\/blitzconquista.com.br\/index.php?rest_route=\/wp\/v2\/posts\/102274\/revisions"}],"predecessor-version":[{"id":102277,"href":"https:\/\/blitzconquista.com.br\/index.php?rest_route=\/wp\/v2\/posts\/102274\/revisions\/102277"}],"wp:featuredmedia":[{"embeddable":true,"href":"https:\/\/blitzconquista.com.br\/index.php?rest_route=\/wp\/v2\/media\/102276"}],"wp:attachment":[{"href":"https:\/\/blitzconquista.com.br\/index.php?rest_route=%2Fwp%2Fv2%2Fmedia&parent=102274"}],"wp:term":[{"taxonomy":"category","embeddable":true,"href":"https:\/\/blitzconquista.com.br\/index.php?rest_route=%2Fwp%2Fv2%2Fcategories&post=102274"},{"taxonomy":"post_tag","embeddable":true,"href":"https:\/\/blitzconquista.com.br\/index.php?rest_route=%2Fwp%2Fv2%2Ftags&post=102274"}],"curies":[{"name":"wp","href":"https:\/\/api.w.org\/{rel}","templated":true}]}}